{"id":1034,"date":"2013-12-22T19:56:27","date_gmt":"2013-12-22T17:56:27","guid":{"rendered":"http:\/\/xn--mozodieldesanchiigo-b4b.es\/?p=1034"},"modified":"2013-12-22T20:01:21","modified_gmt":"2013-12-22T18:01:21","slug":"convenio-administrativo-regulador-del-concierto-economico-entre-el-ayuntamiento-de-castellanos-de-villiquera-y-la-entidad-local-menor-de-mozodiel-de-sanchinigo","status":"publish","type":"post","link":"http:\/\/xn--mozodieldesanchiigo-b4b.es\/?p=1034","title":{"rendered":"CONVENIO ADMINISTRATIVO REGULADOR DEL CONCIERTO ECON\u00d3MICO ENTRE EL AYUNTAMIENTO DE CASTELLANOS DE VILLIQUERA Y LA ENTIDAD LOCAL MENOR DE MOZODIEL DE SANCHI\u00d1IGO"},"content":{"rendered":"<p>La corporaci\u00f3n municipal el 18 de diciembre de 2013 presenta un\u00a0<a href=\"http:\/\/xn--mozodieldesanchiigo-b4b.es\/wp-content\/uploads\/2013\/12\/Convenio-Mozodiel-de-Sanchigo-Castellanos-Loren.pdf\">Convenio administrativo regulador entre Castellanos de Villiquera y Mozodiel de Sanchigo<\/a>\u00a0siguiendo el borrador y consejo de la Diputaci\u00f3n de Salamanca y la Federaci\u00f3n de Entidades Locales Menores de Salamanca de la que forma parte.<\/p>\n","protected":false},"excerpt":{"rendered":"<p>La corporaci\u00f3n municipal el 18 de diciembre de 2013 presenta un\u00a0Convenio administrativo regulador entre Castellanos de Villiquera y Mozodiel de Sanchigo\u00a0siguiendo el borrador y consejo de la Diputaci\u00f3n de Salamanca y la Federaci\u00f3n de Entidades Locales Menores de Salamanca de &hellip; <a href=\"http:\/\/xn--mozodieldesanchiigo-b4b.es\/?p=1034\">Sigue leyendo <span class=\"meta-nav\">&rarr;<\/span><\/a><\/p>\n","protected":false},"author":1,"featured_media":0,"comment_status":"open","ping_status":"open","sticky":false,"template":"","format":"standard","meta":{"footnotes":""},"categories":[15],"tags":[],"class_list":["post-1034","post","type-post","status-publish","format-standard","hentry","category-proyectos"],"_links":{"self":[{"href":"http:\/\/xn--mozodieldesanchiigo-b4b.es\/index.php?rest_route=\/wp\/v2\/posts\/1034","targetHints":{"allow":["GET"]}}],"collection":[{"href":"http:\/\/xn--mozodieldesanchiigo-b4b.es\/index.php?rest_route=\/wp\/v2\/posts"}],"about":[{"href":"http:\/\/xn--mozodieldesanchiigo-b4b.es\/index.php?rest_route=\/wp\/v2\/types\/post"}],"author":[{"embeddable":true,"href":"http:\/\/xn--mozodieldesanchiigo-b4b.es\/index.php?rest_route=\/wp\/v2\/users\/1"}],"replies":[{"embeddable":true,"href":"http:\/\/xn--mozodieldesanchiigo-b4b.es\/index.php?rest_route=%2Fwp%2Fv2%2Fcomments&post=1034"}],"version-history":[{"count":1,"href":"http:\/\/xn--mozodieldesanchiigo-b4b.es\/index.php?rest_route=\/wp\/v2\/posts\/1034\/revisions"}],"predecessor-version":[{"id":1036,"href":"http:\/\/xn--mozodieldesanchiigo-b4b.es\/index.php?rest_route=\/wp\/v2\/posts\/1034\/revisions\/1036"}],"wp:attachment":[{"href":"http:\/\/xn--mozodieldesanchiigo-b4b.es\/index.php?rest_route=%2Fwp%2Fv2%2Fmedia&parent=1034"}],"wp:term":[{"taxonomy":"category","embeddable":true,"href":"http:\/\/xn--mozodieldesanchiigo-b4b.es\/index.php?rest_route=%2Fwp%2Fv2%2Fcategories&post=1034"},{"taxonomy":"post_tag","embeddable":true,"href":"http:\/\/xn--mozodieldesanchiigo-b4b.es\/index.php?rest_route=%2Fwp%2Fv2%2Ftags&post=1034"}],"curies":[{"name":"wp","href":"https:\/\/api.w.org\/{rel}","templated":true}]}}