{"id":1054,"date":"2014-03-31T10:28:00","date_gmt":"2014-03-31T08:28:00","guid":{"rendered":"http:\/\/xn--mozodieldesanchiigo-b4b.es\/?p=1054"},"modified":"2014-03-31T10:29:40","modified_gmt":"2014-03-31T08:29:40","slug":"reunion-nacional-de-la-federacion-nacional-de-entidades-locales-menores-en-salamanca","status":"publish","type":"post","link":"http:\/\/xn--mozodieldesanchiigo-b4b.es\/?p=1054","title":{"rendered":"Reuni\u00f3n Nacional de la Federaci\u00f3n Nacional de Entidades Locales Menores en Salamanca."},"content":{"rendered":"<div>\n<table cellspacing=\"0\" cellpadding=\"0\">\n<tbody>\n<tr>\n<td align=\"left\"><\/td>\n<td align=\"left\"><\/td>\n<td><\/td>\n<\/tr>\n<\/tbody>\n<\/table>\n<\/div>\n<p><img decoding=\"async\" title=\"Las entidades locales ven al Gobierno incompetente para reformar la administraci\u00f3n - salamanca24horas\" alt=\"Las entidades locales ven al Gobierno incompetente para reformar la administraci\u00f3n - salamanca24horas\" src=\"http:\/\/www.salamanca24horas.com\/images\/noticias\/mini1-1396167454.jpg\" \/><\/p>\n<div>\u00a0<span style=\"font-size: 16px;\">Escrito por: Redacci\u00f3nDomingo, 30 de Marzo de 2014 10:10<\/span><\/div>\n<div>\n<div><strong>Representantes de Cantabria, Galicia, Asturias, Castilla y Le\u00f3n, y de la Federaci\u00f3n de Pa\u00eds Vasco y Catalu\u00f1a se han reunido este fin de semana en Salamanca. Consideran que la reforma es anticonstitucional y recuerdan que esta materia est\u00e1 transferida desde hace varios a\u00f1os a las Comunidades Aut\u00f3nomas<\/strong><\/div>\n<div>El Colegio Fonseca de Salamanca ha acogido la reuni\u00f3n de la Federaci\u00f3n de Concejos, Pedan\u00edas y Parroquias Rurales de Espa\u00f1a, en la que est\u00e1 integrada la Federaci\u00f3n Castellano Leonesa de Entidades Locales Menores y la Federaci\u00f3n Salmantina.\u00a0Han participado representantes de Cantabria, Galicia, Asturias, Castilla y Le\u00f3n, \u00a0y de la Federaci\u00f3n de Pa\u00eds Vasco \u00a0y Catalu\u00f1a, es decir, representantes del 85% de las entidades locales menores que existen en todo el pa\u00eds.<\/div>\n<div><\/div>\n<div>En primer lugar, abordaron la problem\u00e1tica m\u00e1s importante a su juicio, las relaciones con sus ayuntamientos, diputaciones y Comunidad Aut\u00f3noma donde est\u00e1n encuadradas. Sobre todo en el aspecto de secretar\u00eda, intervenci\u00f3n, obligaciones contables que la Ley de Estabilidad Presupuestaria exige a toda la administraci\u00f3n p\u00fablica, presupuestos, convenios de funcionamiento con los ayuntamientos a los que pertenece, etc\u00e9tera.<\/div>\n<div><\/div>\n<div>Durante la reuni\u00f3n se hizo hincapi\u00e9 en la Ley 27\/2013, de 27 de diciembre, de racionalizaci\u00f3n y sostenibilidad de la Administraci\u00f3n Local. Entienden que puede declararse inconstitucional, dado que incumple, seg\u00fan expertos en Derecho, varios derechos fundamentales para la existencia de las entidades locales menores, para que puedan desarrollar sus funciones y prestaci\u00f3n de servicios m\u00e1s elementales.Por eso, considera que el Gobierno no es competente para legislar en esta materia dado que est\u00e1 transferida desde hace varios a\u00f1os a las Comunidades Aut\u00f3nomas. Y produce discriminaci\u00f3n en el aspecto de la creaci\u00f3n de nuevas entidades, frente a las ya existentes, lo que a su juicio genera una discordancia incomprensible.<\/p>\n<\/div>\n<\/div>\n","protected":false},"excerpt":{"rendered":"<p>\u00a0Escrito por: Redacci\u00f3nDomingo, 30 de Marzo de 2014 10:10 Representantes de Cantabria, Galicia, Asturias, Castilla y Le\u00f3n, y de la Federaci\u00f3n de Pa\u00eds Vasco y Catalu\u00f1a se han reunido este fin de semana en Salamanca. Consideran que la reforma es &hellip; <a href=\"http:\/\/xn--mozodieldesanchiigo-b4b.es\/?p=1054\">Sigue leyendo <span class=\"meta-nav\">&rarr;<\/span><\/a><\/p>\n","protected":false},"author":1,"featured_media":0,"comment_status":"open","ping_status":"open","sticky":false,"template":"","format":"standard","meta":{"footnotes":""},"categories":[1],"tags":[],"class_list":["post-1054","post","type-post","status-publish","format-standard","hentry","category-sin-categoria"],"_links":{"self":[{"href":"http:\/\/xn--mozodieldesanchiigo-b4b.es\/index.php?rest_route=\/wp\/v2\/posts\/1054","targetHints":{"allow":["GET"]}}],"collection":[{"href":"http:\/\/xn--mozodieldesanchiigo-b4b.es\/index.php?rest_route=\/wp\/v2\/posts"}],"about":[{"href":"http:\/\/xn--mozodieldesanchiigo-b4b.es\/index.php?rest_route=\/wp\/v2\/types\/post"}],"author":[{"embeddable":true,"href":"http:\/\/xn--mozodieldesanchiigo-b4b.es\/index.php?rest_route=\/wp\/v2\/users\/1"}],"replies":[{"embeddable":true,"href":"http:\/\/xn--mozodieldesanchiigo-b4b.es\/index.php?rest_route=%2Fwp%2Fv2%2Fcomments&post=1054"}],"version-history":[{"count":3,"href":"http:\/\/xn--mozodieldesanchiigo-b4b.es\/index.php?rest_route=\/wp\/v2\/posts\/1054\/revisions"}],"predecessor-version":[{"id":1057,"href":"http:\/\/xn--mozodieldesanchiigo-b4b.es\/index.php?rest_route=\/wp\/v2\/posts\/1054\/revisions\/1057"}],"wp:attachment":[{"href":"http:\/\/xn--mozodieldesanchiigo-b4b.es\/index.php?rest_route=%2Fwp%2Fv2%2Fmedia&parent=1054"}],"wp:term":[{"taxonomy":"category","embeddable":true,"href":"http:\/\/xn--mozodieldesanchiigo-b4b.es\/index.php?rest_route=%2Fwp%2Fv2%2Fcategories&post=1054"},{"taxonomy":"post_tag","embeddable":true,"href":"http:\/\/xn--mozodieldesanchiigo-b4b.es\/index.php?rest_route=%2Fwp%2Fv2%2Ftags&post=1054"}],"curies":[{"name":"wp","href":"https:\/\/api.w.org\/{rel}","templated":true}]}}