{"id":1071,"date":"2014-09-03T11:57:51","date_gmt":"2014-09-03T09:57:51","guid":{"rendered":"http:\/\/xn--mozodieldesanchiigo-b4b.es\/?p=1071"},"modified":"2014-09-03T12:02:42","modified_gmt":"2014-09-03T10:02:42","slug":"noticias-de-fiestas-en-prensa","status":"publish","type":"post","link":"http:\/\/xn--mozodieldesanchiigo-b4b.es\/?p=1071","title":{"rendered":"Noticias de Fiestas en Prensa"},"content":{"rendered":"<h1 class=\"titulo-grande\" style=\"color: #000000;\"><a title=\"Lanzamiento de azada\" href=\"http:\/\/www.salamanca24horas.com\/provincia\/117686-15-anos-lanzando-azadas\" target=\"_blank\">Quince a\u00f1os lanzando azadas<\/a><\/h1>\n<div class=\"iconos_noticia\" style=\"color: #4e4e4e;\">\n<div class=\"subtitulo_noticia\"><a class=\"subtitulo\" style=\"color: #d02f03;\" title=\"Provincia\" href=\"http:\/\/www.salamanca24horas.com\/provincia\">PROVINCIA<\/a>\u00a0MOZODIEL DE SANCH\u00cd\u00d1IGO<\/div>\n<\/div>\n<div style=\"color: #4e4e4e;\">\n<table style=\"height: 1169px;\" width=\"912\" cellspacing=\"0\" cellpadding=\"0\" align=\"left\">\n<tbody>\n<tr>\n<td>\n<div id=\"capa_imprimir\">\n<div>\n<table cellspacing=\"0\" cellpadding=\"0\">\n<tbody>\n<tr>\n<td class=\"escritor\" style=\"color: #999999;\" align=\"left\">Escrito por: Jorge G. Trev\u00ednS\u00e1bado, 30 de Agosto de 2014 20:32<\/td>\n<td align=\"left\"><\/td>\n<td align=\"left\"><\/td>\n<td class=\"autor_fecha\" style=\"color: #69a4d2;\"><\/td>\n<\/tr>\n<\/tbody>\n<\/table>\n<\/div>\n<p><img loading=\"lazy\" decoding=\"async\" class=\"alignleft\" title=\"Quince a\u00f1os lanzando azadas - salamanca24horas\" src=\"http:\/\/www.salamanca24horas.com\/images\/noticias\/mini1-1409424115.jpg\" alt=\"Quince a\u00f1os lanzando azadas - salamanca24horas\" width=\"612\" height=\"486\" \/><\/p>\n<div style=\"color: #323232;\"><img decoding=\"async\" src=\"http:\/\/www.salamanca24horas.com\/images\/pie_foto.jpg\" alt=\"\" \/>\u00a0Lanzamiento de azada en Mozodiel<\/div>\n<div class=\"separador_noticias\"><\/div>\n<div class=\"noticia-texto\" style=\"color: #323232;\">\n<div><strong>La pedan\u00eda de Castellanos de Villiquera ha celebrado el campeonato m\u00e1s peculiar de la provincia de Salamanca que alcanza ya su XV edici\u00f3n. SALAMANCA24HORAS les ofrecer\u00e1 una galer\u00eda fotogr\u00e1fica del evento<\/strong><\/div>\n<p>Los vecinos de Mozodiel de Sanch\u00ed\u00f1igo han disfrutado este s\u00e1bado sus fiestas patronales en honor de San Salvador. A partir de las 20 horas celebraron la que posiblemente sea la competici\u00f3n m\u00e1s peculiar de la provincia de Salamanca, el lanzamiento de azada. Consolidado ya en el programa festivo, alcanza ya su decimoquinta edici\u00f3n.<\/p>\n<div><\/div>\n<div>Un a\u00f1o m\u00e1s, este apero de labranza -s\u00edmbolo de tes\u00f3n y constancia- se transforma en la herramienta m\u00e1s codiciada. En un ambiente distendido, los participantes miden sus fuerzas.<\/div>\n<div><\/div>\n<div>Aseguran los expertos que el lanzamiento precisa de un peque\u00f1o ritual. Tras cogerla con las dos manos y apuntar, el participante la lanza con solo una de ellas sin giros con el brazo y sin que la azada toque el suelo. A continuaci\u00f3n, se debe lanzar con fuerza para llegar lo m\u00e1s lejos posible. El concursante no puede salirse de la zona delimitada para el lanzamiento y este ser\u00e1 nulo si el apero roza el suelo, el participante pisa la marca de salida o la herramienta toca la pared acotada.<\/div>\n<div><\/div>\n<div>A ra\u00edz de esta competici\u00f3n mozodielense, en otras localidades impulsan pr\u00e1cticas semejantes. En Jumilla (Murcia) se celebra, por ejemplo, el lanzamiento del leg\u00f3n. Al finalizar la prueba los ganadores reciben sus premios en la plaza del pueblo arropados por el reconocimiento del p\u00fablico en forma de aplausos.<\/div>\n<\/div>\n<\/div>\n<\/td>\n<\/tr>\n<\/tbody>\n<\/table>\n<\/div>\n","protected":false},"excerpt":{"rendered":"<p>Quince a\u00f1os lanzando azadas PROVINCIA\u00a0MOZODIEL DE SANCH\u00cd\u00d1IGO Escrito por: Jorge G. Trev\u00ednS\u00e1bado, 30 de Agosto de 2014 20:32 \u00a0Lanzamiento de azada en Mozodiel La pedan\u00eda de Castellanos de Villiquera ha celebrado el campeonato m\u00e1s peculiar de la provincia de Salamanca &hellip; <a href=\"http:\/\/xn--mozodieldesanchiigo-b4b.es\/?p=1071\">Sigue leyendo <span class=\"meta-nav\">&rarr;<\/span><\/a><\/p>\n","protected":false},"author":1,"featured_media":0,"comment_status":"open","ping_status":"open","sticky":false,"template":"","format":"standard","meta":{"footnotes":""},"categories":[11],"tags":[],"class_list":["post-1071","post","type-post","status-publish","format-standard","hentry","category-fiestas"],"_links":{"self":[{"href":"http:\/\/xn--mozodieldesanchiigo-b4b.es\/index.php?rest_route=\/wp\/v2\/posts\/1071","targetHints":{"allow":["GET"]}}],"collection":[{"href":"http:\/\/xn--mozodieldesanchiigo-b4b.es\/index.php?rest_route=\/wp\/v2\/posts"}],"about":[{"href":"http:\/\/xn--mozodieldesanchiigo-b4b.es\/index.php?rest_route=\/wp\/v2\/types\/post"}],"author":[{"embeddable":true,"href":"http:\/\/xn--mozodieldesanchiigo-b4b.es\/index.php?rest_route=\/wp\/v2\/users\/1"}],"replies":[{"embeddable":true,"href":"http:\/\/xn--mozodieldesanchiigo-b4b.es\/index.php?rest_route=%2Fwp%2Fv2%2Fcomments&post=1071"}],"version-history":[{"count":2,"href":"http:\/\/xn--mozodieldesanchiigo-b4b.es\/index.php?rest_route=\/wp\/v2\/posts\/1071\/revisions"}],"predecessor-version":[{"id":1079,"href":"http:\/\/xn--mozodieldesanchiigo-b4b.es\/index.php?rest_route=\/wp\/v2\/posts\/1071\/revisions\/1079"}],"wp:attachment":[{"href":"http:\/\/xn--mozodieldesanchiigo-b4b.es\/index.php?rest_route=%2Fwp%2Fv2%2Fmedia&parent=1071"}],"wp:term":[{"taxonomy":"category","embeddable":true,"href":"http:\/\/xn--mozodieldesanchiigo-b4b.es\/index.php?rest_route=%2Fwp%2Fv2%2Fcategories&post=1071"},{"taxonomy":"post_tag","embeddable":true,"href":"http:\/\/xn--mozodieldesanchiigo-b4b.es\/index.php?rest_route=%2Fwp%2Fv2%2Ftags&post=1071"}],"curies":[{"name":"wp","href":"https:\/\/api.w.org\/{rel}","templated":true}]}}