{"id":1113,"date":"2016-04-14T14:16:54","date_gmt":"2016-04-14T12:16:54","guid":{"rendered":"http:\/\/xn--mozodieldesanchiigo-b4b.es\/?p=1113"},"modified":"2016-04-14T14:16:54","modified_gmt":"2016-04-14T12:16:54","slug":"visita-del-equipo-de-rugby-adus-a-mozodiel","status":"publish","type":"post","link":"http:\/\/xn--mozodieldesanchiigo-b4b.es\/?p=1113","title":{"rendered":"Visita del Equipo de Rugby ADUS a Mozodiel"},"content":{"rendered":"<p style=\"font-style: inherit; font-weight: inherit;\">Este fin de semana se concentraron en Mozodiel para la preparaci\u00f3n de la final de la Liga Interregional<\/p>\n<header>\n<h1 class=\"entry-title\"><\/h1>\n<div class=\"meta-info\"><\/div>\n<\/header>\n<div class=\"thumb-wrap\"><a class=\"td-featured-img cboxElement\" title=\"Villamayor apoya al Adus en v\u00edsperas de su final\" href=\"http:\/\/www.lacronicadesalamanca.com\/wp-content\/uploads\/2016\/04\/adus-rugby-usal-.jpg\" rel=\"bookmark\"><img loading=\"lazy\" decoding=\"async\" class=\"entry-thumb\" title=\"Villamayor apoya al Adus en v\u00edsperas de su final\" src=\"http:\/\/www.lacronicadesalamanca.com\/wp-content\/uploads\/2016\/04\/adus-rugby-usal--700x472.jpg\" alt=\"\" width=\"700\" height=\"472\" \/><\/a><\/div>\n<p style=\"font-style: inherit; font-weight: inherit;\">Un momento de la concentraci\u00f3n que realizaron en Mozodiel<\/p>\n<p style=\"font-style: inherit; font-weight: inherit;\">El alcalde de Villamayor, el concejal de deportes y el alcalde Pedaneo de Mozodiel han querido mostrar su\u00a0 apoyo al ADUS, este fin de semana en la concentraci\u00f3n que han llevado a cabo en Mozodiel.<br \/>\nUnos peque\u00f1os entrenamientos pero sobre todo una jornada distendida d\u00f3nde han podido disfrutar, todo el equipo del ADUS, de un d\u00eda de campo, con paseos, parrillada y actividades de grupo para mentalizarse de cara a la final, en el\u00a0 encuentro que disputar\u00e1n en Le\u00f3n, en el \u00c1rea deportiva de Puente Castro el d\u00eda 16 de abril.<br \/>\nUn gran grupo de personas, que se encuentran emocionadas y muy motivadas para poder disputar esta final , a la cual han accedido despu\u00e9s de derrotar en Santander al BATHCO, despu\u00e9s de un trabajado encuentro.<br \/>\nEl ADUS es la primera vez que accede a esta final, y pondr\u00e1 autobuses para todo aquel que quiera acompa\u00f1arles, en su partido contra el Levidrio Leon\u00e9s, d\u00f3nde pondr\u00e1n todo su buen hacer para alcanzar ese so\u00f1ado primer puesto.<br \/>\nVillamayor desea suerte a este grupo de chicos universitarios que practican un deporte tan duro y sacrificado como es el Rugby,\u00a0 un deporte que no es de masas como otros, pero que est\u00e1 cosechando buenos resultados y paseando el nombre de Salamanca, la Usal y tambi\u00e9n Villamayor, por todo el territorio espa\u00f1ol.<\/p>\n","protected":false},"excerpt":{"rendered":"<p>Este fin de semana se concentraron en Mozodiel para la preparaci\u00f3n de la final de la Liga Interregional Un momento de la concentraci\u00f3n que realizaron en Mozodiel El alcalde de Villamayor, el concejal de deportes y el alcalde Pedaneo de &hellip; <a href=\"http:\/\/xn--mozodieldesanchiigo-b4b.es\/?p=1113\">Sigue leyendo <span class=\"meta-nav\">&rarr;<\/span><\/a><\/p>\n","protected":false},"author":1,"featured_media":0,"comment_status":"open","ping_status":"open","sticky":false,"template":"","format":"standard","meta":{"footnotes":""},"categories":[1],"tags":[],"class_list":["post-1113","post","type-post","status-publish","format-standard","hentry","category-sin-categoria"],"_links":{"self":[{"href":"http:\/\/xn--mozodieldesanchiigo-b4b.es\/index.php?rest_route=\/wp\/v2\/posts\/1113","targetHints":{"allow":["GET"]}}],"collection":[{"href":"http:\/\/xn--mozodieldesanchiigo-b4b.es\/index.php?rest_route=\/wp\/v2\/posts"}],"about":[{"href":"http:\/\/xn--mozodieldesanchiigo-b4b.es\/index.php?rest_route=\/wp\/v2\/types\/post"}],"author":[{"embeddable":true,"href":"http:\/\/xn--mozodieldesanchiigo-b4b.es\/index.php?rest_route=\/wp\/v2\/users\/1"}],"replies":[{"embeddable":true,"href":"http:\/\/xn--mozodieldesanchiigo-b4b.es\/index.php?rest_route=%2Fwp%2Fv2%2Fcomments&post=1113"}],"version-history":[{"count":1,"href":"http:\/\/xn--mozodieldesanchiigo-b4b.es\/index.php?rest_route=\/wp\/v2\/posts\/1113\/revisions"}],"predecessor-version":[{"id":1114,"href":"http:\/\/xn--mozodieldesanchiigo-b4b.es\/index.php?rest_route=\/wp\/v2\/posts\/1113\/revisions\/1114"}],"wp:attachment":[{"href":"http:\/\/xn--mozodieldesanchiigo-b4b.es\/index.php?rest_route=%2Fwp%2Fv2%2Fmedia&parent=1113"}],"wp:term":[{"taxonomy":"category","embeddable":true,"href":"http:\/\/xn--mozodieldesanchiigo-b4b.es\/index.php?rest_route=%2Fwp%2Fv2%2Fcategories&post=1113"},{"taxonomy":"post_tag","embeddable":true,"href":"http:\/\/xn--mozodieldesanchiigo-b4b.es\/index.php?rest_route=%2Fwp%2Fv2%2Ftags&post=1113"}],"curies":[{"name":"wp","href":"https:\/\/api.w.org\/{rel}","templated":true}]}}