{"id":24,"date":"2011-06-29T12:51:45","date_gmt":"2011-06-29T10:51:45","guid":{"rendered":"http:\/\/xn--mozodieldesanchiigo-b4b.es\/?p=24"},"modified":"2011-07-03T13:20:52","modified_gmt":"2011-07-03T11:20:52","slug":"salvemos-valcuevo-se-acerca-ya-a-las-4-000-firmas-de-apoyo-contra-la-fabrica","status":"publish","type":"post","link":"http:\/\/xn--mozodieldesanchiigo-b4b.es\/?p=24","title":{"rendered":"&#8216;Salvemos Valcuevo&#8217; se acerca ya a las 4.000 firmas de apoyo contra la f\u00e1brica"},"content":{"rendered":"<p>&nbsp;<\/p>\n<div style=\"width: 490px\" class=\"wp-caption alignleft\"><a href=\"http:\/\/www.tribuna.net\/noticia\/61495\/Provincia\/salvemos-valcuevo-acerca-ya-4000firmas-apoyo-contra-f%C3%A1brica.html\"><img loading=\"lazy\" decoding=\"async\" class=\"    \" title=\"Concentraci\u00f3n contra la central de Valcuevo en la Plaza Mayor de Salamanca. Fuente: Tribuna.net\" src=\"http:\/\/www.tribuna.net\/fotos\/10279\/1valcuevo.jpg\" alt=\"Concentraci\u00f3n contra la central de Valcuevo en la Plaza Mayor de Salamanca. Fuente: Tribuna.net\" width=\"480\" height=\"296\" \/><\/a><p class=\"wp-caption-text\">Concentraci\u00f3n contra la central de Valcuevo en la Plaza Mayor de Salamanca. Fuente: Tribuna.net<\/p><\/div>\n<p>El pasado 27 de Junio se concentraron en la Plaza Mayor de Salamanca para dar a conocer el problema a los salmantinos.<\/p>\n<p>El \u00e9xito de esta concentraci\u00f3n, que termin\u00f3 con una marcha al parque de Valcuevo.<\/p>\n<p>El\u00a0 diario online Tribuna de Salamanca <a href=\"http:\/\/www.tribuna.net\/noticia\/61495\/Provincia\/salvemos-valcuevo-acerca-ya-4000firmas-apoyo-contra-f%C3%A1brica.html\" target=\"_blank\">inform\u00f3 sobre la concentraci\u00f3n contra la central t\u00e9rmica de Valcuevo<\/a>, con una <a href=\"http:\/\/www.tribuna.net\/noticia\/61495\/Provincia\/salvemos-valcuevo-acerca-ya-4000firmas-apoyo-contra-f%C3%A1brica.html\" target=\"_blank\">breve cr\u00f3nica unas interesantes fotograf\u00edas<\/a>.<\/p>\n<p>La plataforma, que ya ha recogido casi 4.000 firmas, agradecer el apoyo a los que ya han aportado su firma, e invita a todos los que no hayan firmado a\u00fan a unirse a esta iniciativa que es buena para todos los salmantinos.<\/p>\n<p>Para m\u00e1s informaci\u00f3n, o contactar con nosotros para aportar tu firma, por favor, escr\u00edbenos a <a href=\"mailto:salvemosvalcuevo@gmail.com\">salvemosvalcuevo@gmail.com<\/a><\/p>\n<p>&nbsp;<\/p>\n","protected":false},"excerpt":{"rendered":"<p>&nbsp; El pasado 27 de Junio se concentraron en la Plaza Mayor de Salamanca para dar a conocer el problema a los salmantinos. El \u00e9xito de esta concentraci\u00f3n, que termin\u00f3 con una marcha al parque de Valcuevo. El\u00a0 diario online &hellip; <a href=\"http:\/\/xn--mozodieldesanchiigo-b4b.es\/?p=24\">Sigue leyendo <span class=\"meta-nav\">&rarr;<\/span><\/a><\/p>\n","protected":false},"author":1,"featured_media":0,"comment_status":"open","ping_status":"open","sticky":false,"template":"","format":"standard","meta":{"footnotes":""},"categories":[4],"tags":[7,5,6],"class_list":["post-24","post","type-post","status-publish","format-standard","hentry","category-noticias","tag-biomasa","tag-medioambiente","tag-valcuevo"],"_links":{"self":[{"href":"http:\/\/xn--mozodieldesanchiigo-b4b.es\/index.php?rest_route=\/wp\/v2\/posts\/24","targetHints":{"allow":["GET"]}}],"collection":[{"href":"http:\/\/xn--mozodieldesanchiigo-b4b.es\/index.php?rest_route=\/wp\/v2\/posts"}],"about":[{"href":"http:\/\/xn--mozodieldesanchiigo-b4b.es\/index.php?rest_route=\/wp\/v2\/types\/post"}],"author":[{"embeddable":true,"href":"http:\/\/xn--mozodieldesanchiigo-b4b.es\/index.php?rest_route=\/wp\/v2\/users\/1"}],"replies":[{"embeddable":true,"href":"http:\/\/xn--mozodieldesanchiigo-b4b.es\/index.php?rest_route=%2Fwp%2Fv2%2Fcomments&post=24"}],"version-history":[{"count":7,"href":"http:\/\/xn--mozodieldesanchiigo-b4b.es\/index.php?rest_route=\/wp\/v2\/posts\/24\/revisions"}],"predecessor-version":[{"id":43,"href":"http:\/\/xn--mozodieldesanchiigo-b4b.es\/index.php?rest_route=\/wp\/v2\/posts\/24\/revisions\/43"}],"wp:attachment":[{"href":"http:\/\/xn--mozodieldesanchiigo-b4b.es\/index.php?rest_route=%2Fwp%2Fv2%2Fmedia&parent=24"}],"wp:term":[{"taxonomy":"category","embeddable":true,"href":"http:\/\/xn--mozodieldesanchiigo-b4b.es\/index.php?rest_route=%2Fwp%2Fv2%2Fcategories&post=24"},{"taxonomy":"post_tag","embeddable":true,"href":"http:\/\/xn--mozodieldesanchiigo-b4b.es\/index.php?rest_route=%2Fwp%2Fv2%2Ftags&post=24"}],"curies":[{"name":"wp","href":"https:\/\/api.w.org\/{rel}","templated":true}]}}