{"id":499,"date":"2011-12-20T21:51:22","date_gmt":"2011-12-20T19:51:22","guid":{"rendered":"http:\/\/xn--mozodieldesanchiigo-b4b.es\/?p=499"},"modified":"2011-12-20T21:53:20","modified_gmt":"2011-12-20T19:53:20","slug":"bicicletas-contra-la-construccion-de-una-central-termica-de-biomasa-en-salamanca","status":"publish","type":"post","link":"http:\/\/xn--mozodieldesanchiigo-b4b.es\/?p=499","title":{"rendered":"Bicicletas contra la construcci\u00f3n de una central t\u00e9rmica de biomasa en Salamanca"},"content":{"rendered":"<p>Los vecinos de Villamayor y Mozodiel de Sanchi\u00f1igo volvieron a manifestarse en la Plaza Mayor de Salamanca, donde acudir\u00e1n en bicicletas, en rechazo de la planta de producci\u00f3n el\u00e9ctrica a partir de biomasa que una empresa con sede en Valladolid\u00a0<strong>pretende construir a 600 metros de varias urbanizaciones<\/strong> de este municipio, junto al parque de Valcuevo, a orillas del Tormes. La construcci\u00f3n de esta planta tambi\u00e9n pone en peligro una inversi\u00f3n de 20 millones de euros de Haciendas de Espa\u00f1a en la cercana localidad de Ledesma.<\/p>\n<p><img loading=\"lazy\" decoding=\"async\" class=\"size-full wp-image-500 alignleft\" style=\"line-height: 19px; border-style: initial; border-color: initial;\" title=\"vicis valcuevo\" src=\"http:\/\/xn--mozodieldesanchiigo-b4b.es\/wp-content\/uploads\/2011\/12\/vicis-valcuevo.jpg\" alt=\"\" width=\"376\" height=\"250\" srcset=\"http:\/\/xn--mozodieldesanchiigo-b4b.es\/wp-content\/uploads\/2011\/12\/vicis-valcuevo.jpg 470w, http:\/\/xn--mozodieldesanchiigo-b4b.es\/wp-content\/uploads\/2011\/12\/vicis-valcuevo-300x199.jpg 300w\" sizes=\"auto, (max-width: 376px) 100vw, 376px\" \/><\/p>\n<p>La empresa Biomasa Salamanca SL, con sede en la calle Valle del Ti\u00e9tar 1, de Valladolid, es la impulsora de esta planta de producci\u00f3n el\u00e9ctrica a partir de biomasa mediante caldera de combusti\u00f3n con alimentaci\u00f3n automatizada de 49 megavatios, que cuenta con un\u00a0<strong>presupuesto de 11,5 millones de euros<\/strong> y que inicialmente se iba a construir en terrenos del municipio salmantino de Valverd\u00f3n, quien ya hab\u00eda iniciado los tr\u00e1mites para recalificar el terreno de r\u00fastico a industrial.<\/p>\n<p>Sin embargo,\u00a0<strong>los vecinos han conseguido paralizar el proyecto<\/strong>, justo en el momento en el que se estaba tramitando la declaraci\u00f3n de Impacto Ambiental, al descubrir que parte de las 11 hect\u00e1reas que se iban a utilizar para ubicar la planta no pertenecen a Valverd\u00f3n sino a Florida de Li\u00e9bana, municipio cuyo alcalde se hab\u00eda opuesto, al igual que el anterior equipo de gobierno del PSOE en Villamayor, a la instalaci\u00f3n de dicha f\u00e1brica.<\/p>\n<div>\n<h5>&#8216;Que la instalen donde haya materia prima&#8217;<\/h5>\n<p>Los opositores a este proyecto han constituido la Plataforma Salvemos Valcuevo. Su portavoz, \u00c1ngel Poveda explica que \u00aben estos momentos estamos esperando porque quiz\u00e1s tengan que rehacer todo el proyecto pero siempre hemos defendido que lo normal es que la pongan donde exista materia prima para ella, porque en el proyecto dicen que van a quemar 132.000 toneladas al a\u00f1o de pinos y chopos de 100 kil\u00f3metros a la redonda y cualquiera que conozca Salamanca sabe que ese material no existe aqu\u00ed\u00bb.<br \/>\nPoveda tambi\u00e9n refuta los argumentos de la empresa porque \u00abaunque dicen que van a hacer plantaciones de pinos y chopos, y que en dos a\u00f1os pueden empezar a talarlos, cualquier persona que entienda un poco de campo o naturaleza sabe que en dos a\u00f1os lo \u00fanico que tienen es una palito enano. Eso\u00a0<strong>nos genera muchas dudas sobre el tipo de residuos que van a quemar<\/strong>, porque si utilizan otro que no sea madera, la cuesti\u00f3n es mucho m\u00e1s peligrosa\u00bb.<\/p>\n<p>Desde la Plataforma Antit\u00e9rmica de Valcuevo, el parque de Caja Duero cedido al Ayuntamiento de Salamanca, se considera que \u00ablo l\u00f3gico es que no coloquen una planta de esas caracter\u00edsticas\u00a0<strong>a 600 metros del casco urbano de Villamayor<\/strong>, de <strong>Mozodiel de Sanchi\u00f1igo<\/strong> o Florida de Li\u00e9bana. El \u00fanico motivo para ubicarla all\u00ed es para ahorrarse el dinero de la l\u00ednea de evacuaci\u00f3n a trav\u00e9s de Villamayor o el de la captaci\u00f3n del agua del Tormes. Es tal la avaricia que ya no importan afectar a los contribuyentes con tal de que la cuenta de beneficios no decrezca\u00bb.<\/p>\n<h5>Puede afectar a otros proyectos<\/h5>\n<p>El Mundo.<\/p>\n<\/div>\n","protected":false},"excerpt":{"rendered":"<p>Los vecinos de Villamayor y Mozodiel de Sanchi\u00f1igo volvieron a manifestarse en la Plaza Mayor de Salamanca, donde acudir\u00e1n en bicicletas, en rechazo de la planta de producci\u00f3n el\u00e9ctrica a partir de biomasa que una empresa con sede en Valladolid\u00a0pretende &hellip; <a href=\"http:\/\/xn--mozodieldesanchiigo-b4b.es\/?p=499\">Sigue leyendo <span class=\"meta-nav\">&rarr;<\/span><\/a><\/p>\n","protected":false},"author":1,"featured_media":0,"comment_status":"open","ping_status":"open","sticky":false,"template":"","format":"standard","meta":{"footnotes":""},"categories":[1],"tags":[],"class_list":["post-499","post","type-post","status-publish","format-standard","hentry","category-sin-categoria"],"_links":{"self":[{"href":"http:\/\/xn--mozodieldesanchiigo-b4b.es\/index.php?rest_route=\/wp\/v2\/posts\/499","targetHints":{"allow":["GET"]}}],"collection":[{"href":"http:\/\/xn--mozodieldesanchiigo-b4b.es\/index.php?rest_route=\/wp\/v2\/posts"}],"about":[{"href":"http:\/\/xn--mozodieldesanchiigo-b4b.es\/index.php?rest_route=\/wp\/v2\/types\/post"}],"author":[{"embeddable":true,"href":"http:\/\/xn--mozodieldesanchiigo-b4b.es\/index.php?rest_route=\/wp\/v2\/users\/1"}],"replies":[{"embeddable":true,"href":"http:\/\/xn--mozodieldesanchiigo-b4b.es\/index.php?rest_route=%2Fwp%2Fv2%2Fcomments&post=499"}],"version-history":[{"count":3,"href":"http:\/\/xn--mozodieldesanchiigo-b4b.es\/index.php?rest_route=\/wp\/v2\/posts\/499\/revisions"}],"predecessor-version":[{"id":503,"href":"http:\/\/xn--mozodieldesanchiigo-b4b.es\/index.php?rest_route=\/wp\/v2\/posts\/499\/revisions\/503"}],"wp:attachment":[{"href":"http:\/\/xn--mozodieldesanchiigo-b4b.es\/index.php?rest_route=%2Fwp%2Fv2%2Fmedia&parent=499"}],"wp:term":[{"taxonomy":"category","embeddable":true,"href":"http:\/\/xn--mozodieldesanchiigo-b4b.es\/index.php?rest_route=%2Fwp%2Fv2%2Fcategories&post=499"},{"taxonomy":"post_tag","embeddable":true,"href":"http:\/\/xn--mozodieldesanchiigo-b4b.es\/index.php?rest_route=%2Fwp%2Fv2%2Ftags&post=499"}],"curies":[{"name":"wp","href":"https:\/\/api.w.org\/{rel}","templated":true}]}}