{"id":541,"date":"2012-01-12T19:58:55","date_gmt":"2012-01-12T17:58:55","guid":{"rendered":"http:\/\/xn--mozodieldesanchiigo-b4b.es\/?p=541"},"modified":"2012-01-12T19:59:07","modified_gmt":"2012-01-12T17:59:07","slug":"la-federacion-por-el-patrimonio-alerta-del-riesgo-de-la-central-termica-para-el-yacimiento-de-valcuevo","status":"publish","type":"post","link":"http:\/\/xn--mozodieldesanchiigo-b4b.es\/?p=541","title":{"rendered":"La Federaci\u00f3n por el Patrimonio alerta del riesgo de la central t\u00e9rmica para el yacimiento de Valcuevo"},"content":{"rendered":"<p><img loading=\"lazy\" decoding=\"async\" class=\"alignleft size-full wp-image-542\" style=\"line-height: 24px; border-style: initial; border-color: initial; font-size: 16px;\" title=\"foto valcuevo\" src=\"http:\/\/xn--mozodieldesanchiigo-b4b.es\/wp-content\/uploads\/2012\/01\/foto-valcuevo.jpg\" alt=\"\" width=\"300\" height=\"200\" srcset=\"http:\/\/xn--mozodieldesanchiigo-b4b.es\/wp-content\/uploads\/2012\/01\/foto-valcuevo.jpg 500w, http:\/\/xn--mozodieldesanchiigo-b4b.es\/wp-content\/uploads\/2012\/01\/foto-valcuevo-300x199.jpg 300w\" sizes=\"auto, (max-width: 300px) 100vw, 300px\" \/><\/p>\n<p><span style=\"color: #003300;\">La Federaci\u00f3n por el Patrimonio de Castilla y Le\u00f3n ha alertado del riesgo que la construcci\u00f3n de una central t\u00e9rmica de biomasa en Valverd\u00f3n supone para el yacimiento arqueol\u00f3gico de Valcuevo.<\/span><\/p>\n<p><span style=\"color: #003300;\">Seg\u00fan han informado fuentes de la Federaci\u00f3n, se trata de un \u00abexpolio cultural\u00bb que afectar\u00eda a uno de los yacimientos de \u00e9poca calc\u00f3litica-tardorromana \u00abm\u00e1s importantes del entorno de la ciudad de Salamanca\u00bb, por lo que ha se ha dirigido a la Comisi\u00f3n Territorial de Patrimonio Cultural en el provincia para advertir \u00abdel riesgo\u00bb.<\/span><\/p>\n<p><span style=\"color: #003300;\">Por otro lado, ha alertado tambi\u00e9n de la repercusi\u00f3n que tendr\u00eda para la salud \u00abde las casi 200.000 personas que viven en el \u00e1rea de influencia de la capital\u00bb, as\u00ed como \u00abtoda la masa \u00e1rborea de la provincia\u00bb que se convertir\u00eda \u00aben materia prima de una f\u00e1brica que pretende generar energ\u00eda practicando la deforestaci\u00f3n\u00bb.<\/span><\/p>\n<p><span style=\"color: #003300;\">La alquer\u00eda de Valcuevo fue comprada en el siglo XIV por los\u00a0dominicos del Convento de San Esteban para construir una residencia de verano, conserv\u00e1ndose en la actualidad algunos restos como la capilla y un molino. Tambi\u00e9n se conserva en Valcuevo el monumento que se levant\u00f3 en 1866 a Crist\u00f3bal Col\u00f3n, como\u00a0recuerdo a que fue en este lugar donde el navegante se reuni\u00f3 con los dominicos a qui\u00e9nes present\u00f3 su proyecto.<\/span><\/p>\n<p>Tribuna Salamanca.com<\/p>\n","protected":false},"excerpt":{"rendered":"<p>La Federaci\u00f3n por el Patrimonio de Castilla y Le\u00f3n ha alertado del riesgo que la construcci\u00f3n de una central t\u00e9rmica de biomasa en Valverd\u00f3n supone para el yacimiento arqueol\u00f3gico de Valcuevo. Seg\u00fan han informado fuentes de la Federaci\u00f3n, se trata &hellip; <a href=\"http:\/\/xn--mozodieldesanchiigo-b4b.es\/?p=541\">Sigue leyendo <span class=\"meta-nav\">&rarr;<\/span><\/a><\/p>\n","protected":false},"author":1,"featured_media":0,"comment_status":"open","ping_status":"open","sticky":false,"template":"","format":"standard","meta":{"footnotes":""},"categories":[1],"tags":[],"class_list":["post-541","post","type-post","status-publish","format-standard","hentry","category-sin-categoria"],"_links":{"self":[{"href":"http:\/\/xn--mozodieldesanchiigo-b4b.es\/index.php?rest_route=\/wp\/v2\/posts\/541","targetHints":{"allow":["GET"]}}],"collection":[{"href":"http:\/\/xn--mozodieldesanchiigo-b4b.es\/index.php?rest_route=\/wp\/v2\/posts"}],"about":[{"href":"http:\/\/xn--mozodieldesanchiigo-b4b.es\/index.php?rest_route=\/wp\/v2\/types\/post"}],"author":[{"embeddable":true,"href":"http:\/\/xn--mozodieldesanchiigo-b4b.es\/index.php?rest_route=\/wp\/v2\/users\/1"}],"replies":[{"embeddable":true,"href":"http:\/\/xn--mozodieldesanchiigo-b4b.es\/index.php?rest_route=%2Fwp%2Fv2%2Fcomments&post=541"}],"version-history":[{"count":2,"href":"http:\/\/xn--mozodieldesanchiigo-b4b.es\/index.php?rest_route=\/wp\/v2\/posts\/541\/revisions"}],"predecessor-version":[{"id":544,"href":"http:\/\/xn--mozodieldesanchiigo-b4b.es\/index.php?rest_route=\/wp\/v2\/posts\/541\/revisions\/544"}],"wp:attachment":[{"href":"http:\/\/xn--mozodieldesanchiigo-b4b.es\/index.php?rest_route=%2Fwp%2Fv2%2Fmedia&parent=541"}],"wp:term":[{"taxonomy":"category","embeddable":true,"href":"http:\/\/xn--mozodieldesanchiigo-b4b.es\/index.php?rest_route=%2Fwp%2Fv2%2Fcategories&post=541"},{"taxonomy":"post_tag","embeddable":true,"href":"http:\/\/xn--mozodieldesanchiigo-b4b.es\/index.php?rest_route=%2Fwp%2Fv2%2Ftags&post=541"}],"curies":[{"name":"wp","href":"https:\/\/api.w.org\/{rel}","templated":true}]}}