{"id":556,"date":"2012-01-29T15:49:20","date_gmt":"2012-01-29T13:49:20","guid":{"rendered":"http:\/\/xn--mozodieldesanchiigo-b4b.es\/?p=556"},"modified":"2012-01-29T15:49:20","modified_gmt":"2012-01-29T13:49:20","slug":"noticia-termica-valcuevo","status":"publish","type":"post","link":"http:\/\/xn--mozodieldesanchiigo-b4b.es\/?p=556","title":{"rendered":"Noticia t\u00e9rmica Valcuevo."},"content":{"rendered":"<div>\n<h1><strong><span style=\"color: #000080;\">Suspendidas las primas a nuevas instalaciones de energ\u00edas renovables.<\/span><\/strong><\/h1>\n<\/div>\n<div>\n<h2 style=\"text-align: justify;\"><span style=\"color: #3366ff;\">Las primas costaron 6.409 millones de euros en 2011<\/span><\/h2>\n<\/div>\n<div style=\"text-align: justify;\">\n<table border=\"0\" cellspacing=\"0\" cellpadding=\"0\" width=\"650\">\n<tbody>\n<tr>\n<td width=\"500\"><\/td>\n<td width=\"25\">\n<div><\/div>\n<\/td>\n<td width=\"25\">\n<div><\/div>\n<\/td>\n<td width=\"25\">\n<div><\/div>\n<\/td>\n<td width=\"25\">\n<div><\/div>\n<\/td>\n<\/tr>\n<\/tbody>\n<\/table>\n<\/div>\n<div id=\"noticia_texto\">\n<p style=\"text-align: justify;\"><span style=\"color: #3366ff;\">El Gobierno ha aprobado un Real Decreto Ley por el que suspender\u00e1 indefinidamente la concesi\u00f3n de primas a nuevas instalaciones de energ\u00edas renovables, residuos y cogeneraci\u00f3n.<\/span><br \/>\n<span style=\"color: #3366ff;\">\u00abEl objetivo es disminuir el d\u00e9ficit p\u00fablico, y la politica energetica no es una excepci\u00f3n\u00bb, afirm\u00f3 tras el Consejo de Ministros Jos\u00e9 Manuel Soria, titular de la cartera de Industria, Energ\u00eda y Turismo. \u00abUn primer paso\u00bb mientras se pone marcha la reforma del sistema el\u00e9ctrico.<\/span><\/p>\n<p><span style=\"color: #3366ff;\">La suspensi\u00f3n afecta a todas las instalaciones que todav\u00eda no han sido inscritas en el registro de preasignaci\u00f3n de r\u00e9gimen especial, pero no es una medida retroactiva, se\u00f1al\u00f3 Soria tras denunciar que la producci\u00f3n total el\u00e9ctrica, 106.000 megavatios, duplica al consumo real.<\/span><\/p>\n<p><span style=\"color: #3366ff;\">El Gobierno no ha ofrecido ninguna estimaci\u00f3n sobre el ahorro que supondr\u00e1 esta medida. Sin embargo, Soria explic\u00f3 que actualmente hay solicitudes por unos 500 megavatios y que su suspensi\u00f3n supondr\u00e1 un ahorro de 160 millones de euros. Los datos de la Comisi\u00f3n Nacional de la Energ\u00eda recogen que las primas costaron 6.409 millones de euros en 2011.<\/span><\/p>\n<p><span style=\"color: #3366ff;\">La medida podr\u00eda afectar a la factura de la luz, dividida en dos partes iguales: la subasta seg\u00fan los costes de las empresas el\u00e9ctricas y los peajes que impone el Ejecutivo.<\/span><\/p>\n<p><span style=\"color: #3366ff;\">Soria insisti\u00f3 en que el Ejecutivo \u00absigue apostando por las energ\u00edas renovables\u00bb, pero dentro de \u00abun mix equilibrado\u00bb que incluye a las centrales nucleares.<\/span><\/p>\n<p><span style=\"color: #3366ff;\">Seg\u00fan Soria, la mitad de los peajes pagan las primas y la reducci\u00f3n del d\u00e9ficit el\u00e9ctrico, la deuda contra\u00edda con el sector por facturar, en teor\u00eda, por debajo del coste real durante a\u00f1os.<\/span><\/p>\n<p><span style=\"color: #3366ff;\">El d\u00e9ficit el\u00e9ctrico alcanz\u00f3 los 24.000 millones de euros a finales de 2011. \u00abSi no se tomasen estas medidas, aumentar\u00eda entre 3.000 y 4.000 millones de euros al a\u00f1o\u00bb, advirti\u00f3 Soria.<\/span><\/p>\n<p><span style=\"color: #3366ff;\">El ministro insisti\u00f3 por otra parte en que el Ejecutivo \u00absigue apostando por las energ\u00edas renovables\u00bb, pero dentro de \u00abun mix equilibrado\u00bb que incluye a las centrales nucleares.<\/span><\/p>\n<\/div>\n<p>La gaceta.<\/p>\n","protected":false},"excerpt":{"rendered":"<p>Suspendidas las primas a nuevas instalaciones de energ\u00edas renovables. Las primas costaron 6.409 millones de euros en 2011 El Gobierno ha aprobado un Real Decreto Ley por el que suspender\u00e1 indefinidamente la concesi\u00f3n de primas a nuevas instalaciones de energ\u00edas &hellip; <a href=\"http:\/\/xn--mozodieldesanchiigo-b4b.es\/?p=556\">Sigue leyendo <span class=\"meta-nav\">&rarr;<\/span><\/a><\/p>\n","protected":false},"author":1,"featured_media":0,"comment_status":"open","ping_status":"open","sticky":false,"template":"","format":"standard","meta":{"footnotes":""},"categories":[1],"tags":[],"class_list":["post-556","post","type-post","status-publish","format-standard","hentry","category-sin-categoria"],"_links":{"self":[{"href":"http:\/\/xn--mozodieldesanchiigo-b4b.es\/index.php?rest_route=\/wp\/v2\/posts\/556","targetHints":{"allow":["GET"]}}],"collection":[{"href":"http:\/\/xn--mozodieldesanchiigo-b4b.es\/index.php?rest_route=\/wp\/v2\/posts"}],"about":[{"href":"http:\/\/xn--mozodieldesanchiigo-b4b.es\/index.php?rest_route=\/wp\/v2\/types\/post"}],"author":[{"embeddable":true,"href":"http:\/\/xn--mozodieldesanchiigo-b4b.es\/index.php?rest_route=\/wp\/v2\/users\/1"}],"replies":[{"embeddable":true,"href":"http:\/\/xn--mozodieldesanchiigo-b4b.es\/index.php?rest_route=%2Fwp%2Fv2%2Fcomments&post=556"}],"version-history":[{"count":1,"href":"http:\/\/xn--mozodieldesanchiigo-b4b.es\/index.php?rest_route=\/wp\/v2\/posts\/556\/revisions"}],"predecessor-version":[{"id":557,"href":"http:\/\/xn--mozodieldesanchiigo-b4b.es\/index.php?rest_route=\/wp\/v2\/posts\/556\/revisions\/557"}],"wp:attachment":[{"href":"http:\/\/xn--mozodieldesanchiigo-b4b.es\/index.php?rest_route=%2Fwp%2Fv2%2Fmedia&parent=556"}],"wp:term":[{"taxonomy":"category","embeddable":true,"href":"http:\/\/xn--mozodieldesanchiigo-b4b.es\/index.php?rest_route=%2Fwp%2Fv2%2Fcategories&post=556"},{"taxonomy":"post_tag","embeddable":true,"href":"http:\/\/xn--mozodieldesanchiigo-b4b.es\/index.php?rest_route=%2Fwp%2Fv2%2Ftags&post=556"}],"curies":[{"name":"wp","href":"https:\/\/api.w.org\/{rel}","templated":true}]}}