{"id":670,"date":"2012-04-13T14:54:36","date_gmt":"2012-04-13T12:54:36","guid":{"rendered":"http:\/\/xn--mozodieldesanchiigo-b4b.es\/?p=670"},"modified":"2012-04-13T14:54:36","modified_gmt":"2012-04-13T12:54:36","slug":"el-ayuntamiento-de-villamayor-se-opone-a-la-central-de-biomasa-de-valcuevo","status":"publish","type":"post","link":"http:\/\/xn--mozodieldesanchiigo-b4b.es\/?p=670","title":{"rendered":"El ayuntamiento de Villamayor se opone a la Central de Biomasa de Valcuevo"},"content":{"rendered":"<p><span style=\"color: #008000;\">El Pleno de villamayor tambi\u00e9n vot\u00f3, a petici\u00f3n del equipo de Gobierno,<span style=\"text-decoration: underline;\"><strong> f<\/strong><strong>ijar su posici\u00f3n frente a la planta de biomasa<\/strong><\/span> que se pretende instalar en las cercan\u00edas de la Urbanizaci\u00f3n Los Almendros, de la que el resultado<span style=\"text-decoration: underline;\"><strong> fue en contra de esta instalaci\u00f3n, nuevamente por unanimidad, al tiempo que se conformar\u00e1 una comisi\u00f3n de seguimiento compuesta por los portavoces de todos los grupos y el alcalde.<\/strong><\/span><\/span><\/p>\n<p><span style=\"color: #008000;\">Noticia\u00a0extra\u00edda\u00a0de tribuna Salamanca.<\/span><\/p>\n","protected":false},"excerpt":{"rendered":"<p>El Pleno de villamayor tambi\u00e9n vot\u00f3, a petici\u00f3n del equipo de Gobierno, fijar su posici\u00f3n frente a la planta de biomasa que se pretende instalar en las cercan\u00edas de la Urbanizaci\u00f3n Los Almendros, de la que el resultado fue en &hellip; <a href=\"http:\/\/xn--mozodieldesanchiigo-b4b.es\/?p=670\">Sigue leyendo <span class=\"meta-nav\">&rarr;<\/span><\/a><\/p>\n","protected":false},"author":1,"featured_media":0,"comment_status":"open","ping_status":"open","sticky":false,"template":"","format":"standard","meta":{"footnotes":""},"categories":[1],"tags":[],"class_list":["post-670","post","type-post","status-publish","format-standard","hentry","category-sin-categoria"],"_links":{"self":[{"href":"http:\/\/xn--mozodieldesanchiigo-b4b.es\/index.php?rest_route=\/wp\/v2\/posts\/670","targetHints":{"allow":["GET"]}}],"collection":[{"href":"http:\/\/xn--mozodieldesanchiigo-b4b.es\/index.php?rest_route=\/wp\/v2\/posts"}],"about":[{"href":"http:\/\/xn--mozodieldesanchiigo-b4b.es\/index.php?rest_route=\/wp\/v2\/types\/post"}],"author":[{"embeddable":true,"href":"http:\/\/xn--mozodieldesanchiigo-b4b.es\/index.php?rest_route=\/wp\/v2\/users\/1"}],"replies":[{"embeddable":true,"href":"http:\/\/xn--mozodieldesanchiigo-b4b.es\/index.php?rest_route=%2Fwp%2Fv2%2Fcomments&post=670"}],"version-history":[{"count":1,"href":"http:\/\/xn--mozodieldesanchiigo-b4b.es\/index.php?rest_route=\/wp\/v2\/posts\/670\/revisions"}],"predecessor-version":[{"id":671,"href":"http:\/\/xn--mozodieldesanchiigo-b4b.es\/index.php?rest_route=\/wp\/v2\/posts\/670\/revisions\/671"}],"wp:attachment":[{"href":"http:\/\/xn--mozodieldesanchiigo-b4b.es\/index.php?rest_route=%2Fwp%2Fv2%2Fmedia&parent=670"}],"wp:term":[{"taxonomy":"category","embeddable":true,"href":"http:\/\/xn--mozodieldesanchiigo-b4b.es\/index.php?rest_route=%2Fwp%2Fv2%2Fcategories&post=670"},{"taxonomy":"post_tag","embeddable":true,"href":"http:\/\/xn--mozodieldesanchiigo-b4b.es\/index.php?rest_route=%2Fwp%2Fv2%2Ftags&post=670"}],"curies":[{"name":"wp","href":"https:\/\/api.w.org\/{rel}","templated":true}]}}