{"id":741,"date":"2012-05-23T13:51:14","date_gmt":"2012-05-23T11:51:14","guid":{"rendered":"http:\/\/xn--mozodieldesanchiigo-b4b.es\/?p=741"},"modified":"2012-05-23T13:51:14","modified_gmt":"2012-05-23T11:51:14","slug":"programacion-cultural-mozodiel-de-sanchinigo-2012","status":"publish","type":"post","link":"http:\/\/xn--mozodieldesanchiigo-b4b.es\/?p=741","title":{"rendered":"Programaci\u00f3n Cultural Mozodiel de Sanchi\u00f1igo 2012"},"content":{"rendered":"<div dir=\"ltr\"><span style=\"color: #339966;\"><strong><span style=\"text-decoration: underline;\">21 de julio<\/span><\/strong><\/span><\/div>\n<div dir=\"ltr\"><span style=\"color: #339966;\"><strong><span style=\"text-decoration: underline;\">Jornada Vecinal<\/span><\/strong><\/span><\/div>\n<div dir=\"ltr\">Paellada vecinal<\/div>\n<div dir=\"ltr\">Espect\u00e1culo did\u00e1ctico de percusi\u00f3n e instrumentos tradicionales<\/div>\n<div dir=\"ltr\"><span style=\"font-family: Verdana, Geneva, Arial, Helvetica, sans-serif; color: #339966;\"><strong><span style=\"text-decoration: underline;\">28 de Julio<\/span><\/strong><\/span><\/div>\n<div dir=\"ltr\"><span style=\"font-family: Verdana, Geneva, Arial, Helvetica, sans-serif; color: #339966;\"><span style=\"text-decoration: underline;\"><strong>Jornada al aire libre<\/strong><\/span><\/span><\/div>\n<div dir=\"ltr\"><span style=\"font-family: Verdana, Geneva, Arial, Helvetica, sans-serif;\">Ruta de senderismo y ba\u00f1o<\/span><\/div>\n<div dir=\"ltr\">\n<div dir=\"ltr\">\n<div dir=\"ltr\">\n<div dir=\"ltr\"><span style=\"color: #339966;\"><strong><span style=\"text-decoration: underline;\">25 de agosto<\/span><\/strong><\/span><\/div>\n<div dir=\"ltr\"><span style=\"color: #339966;\"><strong><span style=\"text-decoration: underline;\">Fiestas Municipales<\/span><\/strong><\/span><\/div>\n<div dir=\"ltr\">Tamborilero<\/div>\n<div dir=\"ltr\">Etno-Conciertoferencia Did\u00e1ctica<\/div>\n<div dir=\"ltr\">Expectaculo chino<\/div>\n<div dir=\"ltr\"><span style=\"color: #339966;\"><strong><span style=\"text-decoration: underline;\">Septiembre-Diciembre<\/span><\/strong><\/span><\/div>\n<div dir=\"ltr\">Revista cultural especial Mozodiel.<\/div>\n<\/div>\n<\/div>\n<\/div>\n","protected":false},"excerpt":{"rendered":"<p>21 de julio Jornada Vecinal Paellada vecinal Espect\u00e1culo did\u00e1ctico de percusi\u00f3n e instrumentos tradicionales 28 de Julio Jornada al aire libre Ruta de senderismo y ba\u00f1o 25 de agosto Fiestas Municipales Tamborilero Etno-Conciertoferencia Did\u00e1ctica Expectaculo chino Septiembre-Diciembre Revista cultural especial &hellip; <a href=\"http:\/\/xn--mozodieldesanchiigo-b4b.es\/?p=741\">Sigue leyendo <span class=\"meta-nav\">&rarr;<\/span><\/a><\/p>\n","protected":false},"author":1,"featured_media":0,"comment_status":"open","ping_status":"open","sticky":false,"template":"","format":"standard","meta":{"footnotes":""},"categories":[1],"tags":[],"class_list":["post-741","post","type-post","status-publish","format-standard","hentry","category-sin-categoria"],"_links":{"self":[{"href":"http:\/\/xn--mozodieldesanchiigo-b4b.es\/index.php?rest_route=\/wp\/v2\/posts\/741","targetHints":{"allow":["GET"]}}],"collection":[{"href":"http:\/\/xn--mozodieldesanchiigo-b4b.es\/index.php?rest_route=\/wp\/v2\/posts"}],"about":[{"href":"http:\/\/xn--mozodieldesanchiigo-b4b.es\/index.php?rest_route=\/wp\/v2\/types\/post"}],"author":[{"embeddable":true,"href":"http:\/\/xn--mozodieldesanchiigo-b4b.es\/index.php?rest_route=\/wp\/v2\/users\/1"}],"replies":[{"embeddable":true,"href":"http:\/\/xn--mozodieldesanchiigo-b4b.es\/index.php?rest_route=%2Fwp%2Fv2%2Fcomments&post=741"}],"version-history":[{"count":1,"href":"http:\/\/xn--mozodieldesanchiigo-b4b.es\/index.php?rest_route=\/wp\/v2\/posts\/741\/revisions"}],"predecessor-version":[{"id":742,"href":"http:\/\/xn--mozodieldesanchiigo-b4b.es\/index.php?rest_route=\/wp\/v2\/posts\/741\/revisions\/742"}],"wp:attachment":[{"href":"http:\/\/xn--mozodieldesanchiigo-b4b.es\/index.php?rest_route=%2Fwp%2Fv2%2Fmedia&parent=741"}],"wp:term":[{"taxonomy":"category","embeddable":true,"href":"http:\/\/xn--mozodieldesanchiigo-b4b.es\/index.php?rest_route=%2Fwp%2Fv2%2Fcategories&post=741"},{"taxonomy":"post_tag","embeddable":true,"href":"http:\/\/xn--mozodieldesanchiigo-b4b.es\/index.php?rest_route=%2Fwp%2Fv2%2Ftags&post=741"}],"curies":[{"name":"wp","href":"https:\/\/api.w.org\/{rel}","templated":true}]}}