{"id":792,"date":"2012-08-26T11:35:22","date_gmt":"2012-08-26T09:35:22","guid":{"rendered":"http:\/\/xn--mozodieldesanchiigo-b4b.es\/?p=792"},"modified":"2012-08-26T12:00:09","modified_gmt":"2012-08-26T10:00:09","slug":"%c2%a1azada-va","status":"publish","type":"post","link":"http:\/\/xn--mozodieldesanchiigo-b4b.es\/?p=792","title":{"rendered":"Nuestro Mitico Lanzamiento de Azada en Prensa"},"content":{"rendered":"<h1>\u00a1Azada va!<\/h1>\n<div>\n<div><a title=\"Provincia\" href=\"http:\/\/www.salamanca24horas.com\/provincia\">PROVINCIA<\/a> MOZODIEL DE SANCH\u00cd\u00d1IGO para mas\u00a0informaci\u00f3n\u00a0pinche <a href=\"http:\/\/www.salamanca24horas.com\/provincia\/72540-azada-va-9\" target=\"_blank\">aqui<\/a><\/div>\n<div>\n<div><a title=\"Imprimir\" href=\"http:\/\/www.salamanca24horas.com\/provincia\/72540-azada-va-9\"><img decoding=\"async\" title=\"Imprimir\" src=\"http:\/\/www.salamanca24horas.com\/images\/imprimir.png\" alt=\"Imprimir\" \/><\/a><\/div>\n<\/div>\n<\/div>\n<div>\n<table cellspacing=\"0\" cellpadding=\"0\" width=\"100%\" align=\"left\">\n<tbody>\n<tr>\n<td>\n<div id=\"capa_imprimir\">\n<div>\n<table cellspacing=\"0\" cellpadding=\"0\">\n<tbody>\n<tr>\n<td align=\"left\">Escrito por: Ra\u00fal Mart\u00ednS\u00e1bado, 25 de Agosto de 2012<\/td>\n<td align=\"left\"><\/td>\n<td align=\"left\"><\/td>\n<td><\/td>\n<\/tr>\n<\/tbody>\n<\/table>\n<\/div>\n<p><img loading=\"lazy\" decoding=\"async\" title=\"\u00a1Azada va! - salamanca24horas\" src=\"http:\/\/www.salamanca24horas.com\/images\/noticias\/mini1-1345920180.jpg\" alt=\"\u00a1Azada va! - salamanca24horas\" width=\"466\" height=\"278\" \/><\/p>\n<div><img decoding=\"async\" src=\"http:\/\/www.salamanca24horas.com\/images\/pie_foto.jpg\" alt=\"\" \/> Uno de los participantes en el lanzamiento<\/div>\n<div>\n<div>\n<div><strong>La pedan\u00eda de Castellanos de Villiquera celebra la \u00a0decimotercera edici\u00f3n del lanzamiento de este s\u00edmbolo de tes\u00f3n y constancia entre los hombres del campo. <\/strong><\/div>\n<div><strong>Un certamen \u00fanico en la provincia charra que cada a\u00f1o incluso tiene su propio campeonato mundial en la localidad de Marcilla. <\/strong><\/div>\n<div><strong>SALAMANCA24HORAS les ofrece una galer\u00eda fotogr\u00e1fica<\/strong><\/div>\n<div>Los vecinos de Mozodiel de Sanch\u00ed\u00f1igo, pedan\u00eda del t\u00e9rmino municipal de Castellanos de Villiquera, han celebrado este s\u00e1bado sus fiestas patronales en honor de San Salvador. Tras la procesi\u00f3n del mediod\u00eda, por la tarde tuvo lugar una peculiar competici\u00f3n, que ya alcanza su decimotercera edici\u00f3n, el lanzamiento de azada, con la participaci\u00f3n de los vecinos del pueblo.<\/div>\n<div>\u201cEsta competici\u00f3n requiere esfuerzo f\u00edsico aunque su reglas son tan sencillas como el mismo mecanismo de la azada: hay que lanzar este utensilio lo m\u00e1s lejos posible\u201d, explican los organizadores. As\u00ed, la azada, s\u00edmbolo de tes\u00f3n y constancia, deja de ser apero de labranza para transformarse, por un d\u00eda, en la herramienta m\u00e1s codiciada. \u00a0 \u00a0 \u00a0 \u00a0 \u00a0 \u00a0 \u00a0 \u00a0 \u00a0 \u00a0 \u00a0 \u00a0 \u00a0 En un ambiente distendido, los participantes batieron sus fuerzas en uno de los eventos m\u00e1s relevantes de Mozodiel.<\/div>\n<div>El lanzamiento de azada precisa de un peque\u00f1o ritual. Como detallan los especialistas, \u201ctras cogerla con las dos manos y apuntar, con s\u00f3lo una de ellas, el participante debe lanzarla sin giros con el brazo sin que la azada toque el suelo\u201d. A continuaci\u00f3n, se debe lanzar con fuerza para llegar lo m\u00e1s lejos posible. El \u00a0concursante no puede salirse de la zona delimitada para el lanzamiento y es nulo siempre que la azada toque el suelo, el participante pise la marca de salida o la herramienta toque la pared acotada.<\/div>\n<div>A ra\u00edz de esta competici\u00f3n mozodielense, en otras localidades impulsan pr\u00e1cticas semejantes. En Jumilla (Murcia) se celebra el lanzamiento del leg\u00f3n, como as\u00ed llaman a la azada, y en Marcilla se encuentra el Campeonato Mundial.<\/div>\n<div>\u201cEs una tradici\u00f3n y hay que participar para que no se olvide\u201d, se\u00f1alan los vecinos del municipio. Al finalizar la prueba, los ganadores recibieran en la plaza del pueblo, adem\u00e1s de sus premios, los aplausos de los \u00a0 \u00a0 \u00a0 \u00a0 \u00a0 \u00a0 \u00a0 \u00a0 \u00a0 \u00a0 \u00a0 \u00a0presentes y el respeto de la azada.<\/div>\n<\/div>\n<div><\/div>\n<\/div>\n<\/div>\n<div>\n<h2>Mozodiel de Sanch\u00ed\u00f1igo Tiro con azada<\/h2>\n<\/div>\n<div>\n<table cellspacing=\"0\" cellpadding=\"5\" width=\"100%\" height=\"100%\">\n<tbody>\n<tr>\n<td>\n<table width=\"100%\">\n<tbody>\n<tr>\n<td width=\"100%\" valign=\"top\">\n<table width=\"100%\">\n<tbody>\n<tr>\n<td colspan=\"3\" width=\"100%\" valign=\"top\">Haz clic en las im\u00e1genes para ampliarlas:<\/td>\n<\/tr>\n<tr>\n<td width=\"33%\" align=\"center\" valign=\"top\"><\/td>\n<td width=\"33%\" align=\"center\" valign=\"top\"><a title=\"35\" rel=\"prettyPhoto[pp_gal]\" href=\"http:\/\/www.salamanca24horas.com\/images\/galerias\/3485\/89344-dsc07613.jpg\"><img loading=\"lazy\" decoding=\"async\" src=\"http:\/\/www.salamanca24horas.com\/images\/galerias\/3485\/medio-89344-dsc07613.jpg\" alt=\"\" width=\"112\" height=\"84\" \/><\/a>&nbsp;<\/p>\n<div><strong>35<\/strong><\/div>\n<\/td>\n<td width=\"33%\" align=\"center\" valign=\"top\"><a title=\"34\" rel=\"prettyPhoto[pp_gal]\" href=\"http:\/\/www.salamanca24horas.com\/images\/galerias\/3485\/89343-dsc07607.jpg\"><img loading=\"lazy\" decoding=\"async\" src=\"http:\/\/www.salamanca24horas.com\/images\/galerias\/3485\/medio-89343-dsc07607.jpg\" alt=\"\" width=\"112\" height=\"84\" \/><\/a>&nbsp;<\/p>\n<div><strong>34<\/strong><\/div>\n<\/td>\n<\/tr>\n<tr>\n<td width=\"33%\" align=\"center\" valign=\"top\"><\/td>\n<td width=\"33%\" align=\"center\" valign=\"top\"><a title=\"32\" rel=\"prettyPhoto[pp_gal]\" href=\"http:\/\/www.salamanca24horas.com\/images\/galerias\/3485\/89341-dsc07601.jpg\"><img loading=\"lazy\" decoding=\"async\" src=\"http:\/\/www.salamanca24horas.com\/images\/galerias\/3485\/medio-89341-dsc07601.jpg\" alt=\"\" width=\"140\" height=\"105\" \/><\/a>&nbsp;<\/p>\n<div><strong>32<\/strong><\/div>\n<\/td>\n<td width=\"33%\" align=\"center\" valign=\"top\"><a title=\"31\" rel=\"prettyPhoto[pp_gal]\" href=\"http:\/\/www.salamanca24horas.com\/images\/galerias\/3485\/89340-dsc07599.jpg\"><img loading=\"lazy\" decoding=\"async\" src=\"http:\/\/www.salamanca24horas.com\/images\/galerias\/3485\/medio-89340-dsc07599.jpg\" alt=\"\" width=\"140\" height=\"105\" \/><\/a>&nbsp;<\/p>\n<div><strong>31<\/strong><\/div>\n<\/td>\n<\/tr>\n<tr>\n<td width=\"33%\" align=\"center\" valign=\"top\"><\/td>\n<td width=\"33%\" align=\"center\" valign=\"top\"><a title=\"29\" rel=\"prettyPhoto[pp_gal]\" href=\"http:\/\/www.salamanca24horas.com\/images\/galerias\/3485\/89338-dsc07597.jpg\"><img loading=\"lazy\" decoding=\"async\" src=\"http:\/\/www.salamanca24horas.com\/images\/galerias\/3485\/medio-89338-dsc07597.jpg\" alt=\"\" width=\"140\" height=\"105\" \/><\/a>&nbsp;<\/p>\n<div><strong>29<\/strong><\/div>\n<\/td>\n<td width=\"33%\" align=\"center\" valign=\"top\"><a title=\"28\" rel=\"prettyPhoto[pp_gal]\" href=\"http:\/\/www.salamanca24horas.com\/images\/galerias\/3485\/89337-dsc07596.jpg\"><img loading=\"lazy\" decoding=\"async\" src=\"http:\/\/www.salamanca24horas.com\/images\/galerias\/3485\/medio-89337-dsc07596.jpg\" alt=\"\" width=\"140\" height=\"105\" \/><\/a>&nbsp;<\/p>\n<div><strong>28<\/strong><\/div>\n<\/td>\n<\/tr>\n<\/tbody>\n<\/table>\n<\/td>\n<\/tr>\n<\/tbody>\n<\/table>\n<\/td>\n<\/tr>\n<\/tbody>\n<\/table>\n<\/div>\n<\/td>\n<\/tr>\n<\/tbody>\n<\/table>\n<\/div>\n","protected":false},"excerpt":{"rendered":"<p>\u00a1Azada va! PROVINCIA MOZODIEL DE SANCH\u00cd\u00d1IGO para mas\u00a0informaci\u00f3n\u00a0pinche aqui Escrito por: Ra\u00fal Mart\u00ednS\u00e1bado, 25 de Agosto de 2012 Uno de los participantes en el lanzamiento La pedan\u00eda de Castellanos de Villiquera celebra la \u00a0decimotercera edici\u00f3n del lanzamiento de este s\u00edmbolo &hellip; <a href=\"http:\/\/xn--mozodieldesanchiigo-b4b.es\/?p=792\">Sigue leyendo <span class=\"meta-nav\">&rarr;<\/span><\/a><\/p>\n","protected":false},"author":1,"featured_media":0,"comment_status":"open","ping_status":"open","sticky":false,"template":"","format":"standard","meta":{"footnotes":""},"categories":[1],"tags":[],"class_list":["post-792","post","type-post","status-publish","format-standard","hentry","category-sin-categoria"],"_links":{"self":[{"href":"http:\/\/xn--mozodieldesanchiigo-b4b.es\/index.php?rest_route=\/wp\/v2\/posts\/792","targetHints":{"allow":["GET"]}}],"collection":[{"href":"http:\/\/xn--mozodieldesanchiigo-b4b.es\/index.php?rest_route=\/wp\/v2\/posts"}],"about":[{"href":"http:\/\/xn--mozodieldesanchiigo-b4b.es\/index.php?rest_route=\/wp\/v2\/types\/post"}],"author":[{"embeddable":true,"href":"http:\/\/xn--mozodieldesanchiigo-b4b.es\/index.php?rest_route=\/wp\/v2\/users\/1"}],"replies":[{"embeddable":true,"href":"http:\/\/xn--mozodieldesanchiigo-b4b.es\/index.php?rest_route=%2Fwp%2Fv2%2Fcomments&post=792"}],"version-history":[{"count":7,"href":"http:\/\/xn--mozodieldesanchiigo-b4b.es\/index.php?rest_route=\/wp\/v2\/posts\/792\/revisions"}],"predecessor-version":[{"id":794,"href":"http:\/\/xn--mozodieldesanchiigo-b4b.es\/index.php?rest_route=\/wp\/v2\/posts\/792\/revisions\/794"}],"wp:attachment":[{"href":"http:\/\/xn--mozodieldesanchiigo-b4b.es\/index.php?rest_route=%2Fwp%2Fv2%2Fmedia&parent=792"}],"wp:term":[{"taxonomy":"category","embeddable":true,"href":"http:\/\/xn--mozodieldesanchiigo-b4b.es\/index.php?rest_route=%2Fwp%2Fv2%2Fcategories&post=792"},{"taxonomy":"post_tag","embeddable":true,"href":"http:\/\/xn--mozodieldesanchiigo-b4b.es\/index.php?rest_route=%2Fwp%2Fv2%2Ftags&post=792"}],"curies":[{"name":"wp","href":"https:\/\/api.w.org\/{rel}","templated":true}]}}