{"id":801,"date":"2012-10-05T17:25:49","date_gmt":"2012-10-05T15:25:49","guid":{"rendered":"http:\/\/xn--mozodieldesanchiigo-b4b.es\/?p=801"},"modified":"2012-10-05T17:28:32","modified_gmt":"2012-10-05T15:28:32","slug":"pleno-octubre-2012","status":"publish","type":"post","link":"http:\/\/xn--mozodieldesanchiigo-b4b.es\/?p=801","title":{"rendered":"Pleno octubre 2012"},"content":{"rendered":"<p>Se aprueba en pleno el pertenecer a la\u00a0Federaci\u00f3n\u00a0Salmantina de Entidades Locales Menores:<\/p>\n<p><strong>ACUERDO:<\/strong><\/p>\n<p>VISTO que el Sr. Presidente de la Junta Vecinal ha informado de la existencia del proceso de creaci\u00f3n de la Federaci\u00f3n Leonesa de Entidades Locales Menores, as\u00ed como la Federaci\u00f3n de Castilla y Le\u00f3n de Entidades Locales Menores y la Federaci\u00f3n Estatal de Entidades Locales Menores,<\/p>\n<p>VISTO que la defensa de los intereses colectivos de las Entidades Locales Menores debe acometerse de forma asociativa,<\/p>\n<p>VISTO que interesa a esta Entidad Local Menor mantener su identidad, personalidad jur\u00eddica, patrimonio y competencias,<\/p>\n<p>VISTO que las Entidades Locales Menores tienen capacidad aut\u00f3noma para asociarse, pudiendo delegar en el Presidente de la Junta Vecinal el formalizar los actos por los que se puede constituir las distintos niveles de federaciones, provincial, auton\u00f3mica y estatal,<\/p>\n<p>ACUERDA asociar la Entidad Local Menor de Mozodiel de Sanchi\u00f1igo a la Federaci\u00f3n Salamantina de Entidades Locales Menores, y a la Federaci\u00f3n de Castilla y Le\u00f3n de Entidades Locales Menores y a la Federaci\u00f3n Estatal de Entidades Locales Menores, delegando en el presidente de la junta vecinal la adopci\u00f3n de todas las medidas tendentes a hacer efectiva estas asociaciones. Tambi\u00e9n se faculta al Presidente de la Junta Vecinal para que pueda postularse a los cargos org\u00e1nicos de las diferentes asociaciones, asi como legir o ser elegido para dichos cargos en representaci\u00f3n de esta Junta vecinal.<\/p>\n<p>As\u00ed como en otro punto nombrar a las calles sin nombre del pueblo.<\/p>\n","protected":false},"excerpt":{"rendered":"<p>Se aprueba en pleno el pertenecer a la\u00a0Federaci\u00f3n\u00a0Salmantina de Entidades Locales Menores: ACUERDO: VISTO que el Sr. Presidente de la Junta Vecinal ha informado de la existencia del proceso de creaci\u00f3n de la Federaci\u00f3n Leonesa de Entidades Locales Menores, as\u00ed &hellip; <a href=\"http:\/\/xn--mozodieldesanchiigo-b4b.es\/?p=801\">Sigue leyendo <span class=\"meta-nav\">&rarr;<\/span><\/a><\/p>\n","protected":false},"author":1,"featured_media":0,"comment_status":"open","ping_status":"open","sticky":false,"template":"","format":"standard","meta":{"footnotes":""},"categories":[1],"tags":[],"class_list":["post-801","post","type-post","status-publish","format-standard","hentry","category-sin-categoria"],"_links":{"self":[{"href":"http:\/\/xn--mozodieldesanchiigo-b4b.es\/index.php?rest_route=\/wp\/v2\/posts\/801","targetHints":{"allow":["GET"]}}],"collection":[{"href":"http:\/\/xn--mozodieldesanchiigo-b4b.es\/index.php?rest_route=\/wp\/v2\/posts"}],"about":[{"href":"http:\/\/xn--mozodieldesanchiigo-b4b.es\/index.php?rest_route=\/wp\/v2\/types\/post"}],"author":[{"embeddable":true,"href":"http:\/\/xn--mozodieldesanchiigo-b4b.es\/index.php?rest_route=\/wp\/v2\/users\/1"}],"replies":[{"embeddable":true,"href":"http:\/\/xn--mozodieldesanchiigo-b4b.es\/index.php?rest_route=%2Fwp%2Fv2%2Fcomments&post=801"}],"version-history":[{"count":4,"href":"http:\/\/xn--mozodieldesanchiigo-b4b.es\/index.php?rest_route=\/wp\/v2\/posts\/801\/revisions"}],"predecessor-version":[{"id":804,"href":"http:\/\/xn--mozodieldesanchiigo-b4b.es\/index.php?rest_route=\/wp\/v2\/posts\/801\/revisions\/804"}],"wp:attachment":[{"href":"http:\/\/xn--mozodieldesanchiigo-b4b.es\/index.php?rest_route=%2Fwp%2Fv2%2Fmedia&parent=801"}],"wp:term":[{"taxonomy":"category","embeddable":true,"href":"http:\/\/xn--mozodieldesanchiigo-b4b.es\/index.php?rest_route=%2Fwp%2Fv2%2Fcategories&post=801"},{"taxonomy":"post_tag","embeddable":true,"href":"http:\/\/xn--mozodieldesanchiigo-b4b.es\/index.php?rest_route=%2Fwp%2Fv2%2Ftags&post=801"}],"curies":[{"name":"wp","href":"https:\/\/api.w.org\/{rel}","templated":true}]}}