{"id":811,"date":"2012-10-08T16:30:03","date_gmt":"2012-10-08T14:30:03","guid":{"rendered":"http:\/\/xn--mozodieldesanchiigo-b4b.es\/?p=811"},"modified":"2012-10-08T16:31:03","modified_gmt":"2012-10-08T14:31:03","slug":"federacion-de-entidades-locales-menores-de-salamanca","status":"publish","type":"post","link":"http:\/\/xn--mozodieldesanchiigo-b4b.es\/?p=811","title":{"rendered":"Federacion de Entidades Locales Menores de Salamanca"},"content":{"rendered":"<div>EN CAMPILLO DE SALVATIERRA<\/div>\n<div>\n<h1>El alcalde de Aldeaseca, presidente de la Federaci\u00f3n de entidades locales menores<\/h1>\n<\/div>\n<div>\n<h2>De los 19 municipios que la integran, hasta ahora tan s\u00f3lo nueve han firmado la constituci\u00f3n de la asociaci\u00f3n<\/h2>\n<\/div>\n<div id=\"noticia_texto\">\n<p><span style=\"color: #003366;\">El alcalde de Aldeaseca de la Armu\u00f1a,\u00a0<strong>Antonio Lozano Gonz\u00e1lez<\/strong> es desde este domingo el presidente de la Federaci\u00f3n salmantina de entidades locales menores, que se constituy\u00f3 en Campillo de Salvatierra.<\/span><\/p>\n<p><span style=\"color: #003366;\">A lo largo de este domingo fueron nombrados los cargos de\u00a0<strong>secretario, que recay\u00f3 en Cirilo Hern\u00e1ndez (alcalde de Bercimuelle)<\/strong>, de tesorero, en Ana Cristina Serrano (alcaldesa ped\u00e1nea de Navagallega), de vicepresidente, Mercedes S\u00e1nchez (de Valdesangil), y como vocales fueron nombrados, Juli\u00e1n Cabrera, responsable municipal de Bocacara, Jes\u00fas Carabias S\u00e1nchez, de Galleguillos y Miguel \u00c1ngel \u00c1vila Santiago, de <strong><span style=\"text-decoration: underline;\">Mozodiel.<\/span><\/strong><\/span><\/p>\n<p><span style=\"color: #003366;\">Adem\u00e1s, en la reuni\u00f3n decidieron designar a Cirilo Hern\u00e1ndez los tr\u00e1mites y formalidades relacionadas con la inscripci\u00f3n de la entidad en la Junta de Castilla y Le\u00f3n.<\/span><\/p>\n<p><span style=\"color: #003366;\"><strong>De los 19 municipios que integran la nueva federaci\u00f3n, tan s\u00f3lo nueve han firmado la constituci\u00f3n de la asociaci\u00f3n<\/strong>, y a medida que se vayan formalizando los acuerdos se ir\u00e1 incorporando el resto de localidades.<\/span><\/p>\n<\/div>\n<p><span style=\"color: #003366;\">Publicado en la Gaceta de Salamanca Para mas info, pinche <a href=\"http:\/\/www.lagacetadesalamanca.es\/provincia\/2012\/10\/07\/alcalde-aldeaseca-presidente-federacion-entidades-locales-menores\/74348.html\" target=\"_blank\">aqui<\/a><\/span><\/p>\n","protected":false},"excerpt":{"rendered":"<p>EN CAMPILLO DE SALVATIERRA El alcalde de Aldeaseca, presidente de la Federaci\u00f3n de entidades locales menores De los 19 municipios que la integran, hasta ahora tan s\u00f3lo nueve han firmado la constituci\u00f3n de la asociaci\u00f3n El alcalde de Aldeaseca de &hellip; <a href=\"http:\/\/xn--mozodieldesanchiigo-b4b.es\/?p=811\">Sigue leyendo <span class=\"meta-nav\">&rarr;<\/span><\/a><\/p>\n","protected":false},"author":1,"featured_media":0,"comment_status":"open","ping_status":"open","sticky":false,"template":"","format":"standard","meta":{"footnotes":""},"categories":[1],"tags":[],"class_list":["post-811","post","type-post","status-publish","format-standard","hentry","category-sin-categoria"],"_links":{"self":[{"href":"http:\/\/xn--mozodieldesanchiigo-b4b.es\/index.php?rest_route=\/wp\/v2\/posts\/811","targetHints":{"allow":["GET"]}}],"collection":[{"href":"http:\/\/xn--mozodieldesanchiigo-b4b.es\/index.php?rest_route=\/wp\/v2\/posts"}],"about":[{"href":"http:\/\/xn--mozodieldesanchiigo-b4b.es\/index.php?rest_route=\/wp\/v2\/types\/post"}],"author":[{"embeddable":true,"href":"http:\/\/xn--mozodieldesanchiigo-b4b.es\/index.php?rest_route=\/wp\/v2\/users\/1"}],"replies":[{"embeddable":true,"href":"http:\/\/xn--mozodieldesanchiigo-b4b.es\/index.php?rest_route=%2Fwp%2Fv2%2Fcomments&post=811"}],"version-history":[{"count":3,"href":"http:\/\/xn--mozodieldesanchiigo-b4b.es\/index.php?rest_route=\/wp\/v2\/posts\/811\/revisions"}],"predecessor-version":[{"id":814,"href":"http:\/\/xn--mozodieldesanchiigo-b4b.es\/index.php?rest_route=\/wp\/v2\/posts\/811\/revisions\/814"}],"wp:attachment":[{"href":"http:\/\/xn--mozodieldesanchiigo-b4b.es\/index.php?rest_route=%2Fwp%2Fv2%2Fmedia&parent=811"}],"wp:term":[{"taxonomy":"category","embeddable":true,"href":"http:\/\/xn--mozodieldesanchiigo-b4b.es\/index.php?rest_route=%2Fwp%2Fv2%2Fcategories&post=811"},{"taxonomy":"post_tag","embeddable":true,"href":"http:\/\/xn--mozodieldesanchiigo-b4b.es\/index.php?rest_route=%2Fwp%2Fv2%2Ftags&post=811"}],"curies":[{"name":"wp","href":"https:\/\/api.w.org\/{rel}","templated":true}]}}