{"id":815,"date":"2012-11-12T10:03:20","date_gmt":"2012-11-12T08:03:20","guid":{"rendered":"http:\/\/xn--mozodieldesanchiigo-b4b.es\/?p=815"},"modified":"2012-11-12T10:04:25","modified_gmt":"2012-11-12T08:04:25","slug":"constituyen-en-santander-una-federacion-nacional-de-entidades-locales-menores","status":"publish","type":"post","link":"http:\/\/xn--mozodieldesanchiigo-b4b.es\/?p=815","title":{"rendered":"Constituyen en Santander una federaci\u00f3n nacional de entidades locales menores"},"content":{"rendered":"<div>\n<h2>\n<div id=\"story-subtitulo\">Esta formada por una decena de federaciones de entidades locales menores del norte de Espa\u00f1a, entre las que se encuentran las de Le\u00f3n, Galicia, <span style=\"text-decoration: underline;\"><strong>Salamanca,<\/strong><\/span> Asturias, Palencia, Burgos y \u00c1lava<\/div>\n<\/h2>\n<div>10.11.12 &#8211;\u00a019:59\u00a0&#8211;&nbsp;<\/p>\n<div>EFE |\u00a0<a href=\"http:\/\/www.eldiariomontanes.es\/local\/santander\/\">Santander<\/a><\/div>\n<\/div>\n<\/div>\n<div>\n<div>\n<div>\n<div id=\"noticia-pestanas\">\n<div id=\"ccronica\">\n<div>\n<div>\n<div id=\"foto-1\"><img loading=\"lazy\" decoding=\"async\" src=\"http:\/\/www.eldiariomontanes.es\/noticias\/201211\/10\/Media\/M5-446175336_1200x800--647x231.jpg\" alt=\"Constituyen en Santander una federaci\u00f3n nacional de entidades locales menores\" width=\"647\" height=\"231\" \/>&nbsp;<\/p>\n<div>\n<div>Reuni\u00f3n en Santander. \/ Roberto Ruiz<\/div>\n<\/div>\n<\/div>\n<\/div>\n<div>Una decena de federaciones de entidades locales menores del norte de Espa\u00f1a han constituido hoy en Santander una federaci\u00f3n nacional que pretende ser un interlocutor m\u00e1s y participar en la reforma de la Administraci\u00f3n Local.<\/div>\n<div>Hoy se han aprobado los estatutos de esta federaci\u00f3n nacional y se ha formado la ejecutiva, seg\u00fan ha explicado a Efe su vicepresidente, Pedro Gonz\u00e1lez.<\/div>\n<div>La presidencia de esta nueva entidad la ostentar\u00e1 la federaci\u00f3n leonesa, representada por Marcos Cubelos, y la de Cantabria llevar\u00e1 la vicepresidencia, mientras que la tesorer\u00eda corresponder\u00e1 a la salmantina, en la persona de Cirilo Hern\u00e1ndez.<\/div>\n<div>Las vocal\u00edas estar\u00e1n en las federaciones asturiana, palentina y gallega, y como secretario, sin voto, actuar\u00e1 Carlos Gonz\u00e1lez.<\/div>\n<div>Al acto de constituci\u00f3n de hoy, que se ha celebrado en Monte (Santander), han acudido representantes de las federaciones de Galicia, Le\u00f3n, Salamanca, Asturias, Palencia, Burgos y \u00c1lava.<\/div>\n<div>Pedro Gonz\u00e1lez destaca la elevada representatividad de este \u00f3rgano, ya que, seg\u00fan ha se\u00f1alado, el 90 por ciento de las entidades locales menores de Espa\u00f1a est\u00e1n en el norte del pa\u00eds.<\/div>\n<div>El objetivo de la federaci\u00f3n que se ha creado hoy ser\u00e1 ejercer la representaci\u00f3n y la participaci\u00f3n de las entidades locales menores, defender sus intereses y tambi\u00e9n \u00abla democracia de base y la idiosincrasia de los pueblos\u00bb.<\/div>\n<div>\u00abAlguien tendr\u00e1 que escuchar a las entidades locales menores\u00bb, ha dicho Pedro Gonz\u00e1lez, que ha insistido en que la federaci\u00f3n piensa poner sobre la mesa sus demandas y reclamaciones en la reforma de la Administraci\u00f3n Local.<\/div>\n<div>Esta nueva federaci\u00f3n pedir\u00e1 reuniones y entrar\u00e1 en contacto con los agentes implicados en la reforma de la Administraci\u00f3n Local, en primera instancia con el Ministerio de Hacienda y Administraciones P\u00fablicas, encargado de llevar a cabo esta iniciativa.<\/div>\n<div>Sus integrantes entienden que deben estar presentes en este proceso, como \u00abpartes interesadas\u00bb y \u00abafectadas\u00bb que deben ser escuchadas y plantear sus demandas.<\/div>\n<div>\u00abNo se puede legislar de espaldas a los pueblos\u00bb, ha manifestado Pedro Gonz\u00e1lez.<\/div>\n<div>Y ello aunque ya se comunic\u00f3 que la reforma de la Administraci\u00f3n Local no suprimir\u00e1 las juntas vecinales si estas entidades cumplen con los objetivos del d\u00e9ficit que se establecer\u00e1n para ellas.<\/div>\n<div>La nueva federaci\u00f3n cree que, a\u00fan as\u00ed, debe estar presente en todos los debates en los que tengan competencias las entidades locales menores.<\/div>\n<div>As\u00ed, aunque el origen de esta federaci\u00f3n haya sido el proceso de reforma de la Administraci\u00f3n Local y la pol\u00e9mica sobre la supresi\u00f3n de las juntas vecinales, sus promotores puntualizan que su actuaci\u00f3n se extender\u00e1 a todos los proyectos y las cuestiones que tengan que ver con las entidades locales menores.<\/div>\n<\/div>\n<\/div>\n<\/div>\n<\/div>\n<\/div>\n<\/div>\n<p>Para mas info pinche <a href=\"http:\/\/www.eldiariomontanes.es\/20121110\/local\/cantabria-general\/constituyen-santander-federacin-nacional-201211101959.html\" target=\"_blank\">aqui<\/a><\/p>\n","protected":false},"excerpt":{"rendered":"<p>Esta formada por una decena de federaciones de entidades locales menores del norte de Espa\u00f1a, entre las que se encuentran las de Le\u00f3n, Galicia, Salamanca, Asturias, Palencia, Burgos y \u00c1lava 10.11.12 &#8211;\u00a019:59\u00a0&#8211;&nbsp; EFE |\u00a0Santander &nbsp; Reuni\u00f3n en Santander. \/ Roberto &hellip; <a href=\"http:\/\/xn--mozodieldesanchiigo-b4b.es\/?p=815\">Sigue leyendo <span class=\"meta-nav\">&rarr;<\/span><\/a><\/p>\n","protected":false},"author":1,"featured_media":0,"comment_status":"open","ping_status":"open","sticky":false,"template":"","format":"standard","meta":{"footnotes":""},"categories":[1],"tags":[],"class_list":["post-815","post","type-post","status-publish","format-standard","hentry","category-sin-categoria"],"_links":{"self":[{"href":"http:\/\/xn--mozodieldesanchiigo-b4b.es\/index.php?rest_route=\/wp\/v2\/posts\/815","targetHints":{"allow":["GET"]}}],"collection":[{"href":"http:\/\/xn--mozodieldesanchiigo-b4b.es\/index.php?rest_route=\/wp\/v2\/posts"}],"about":[{"href":"http:\/\/xn--mozodieldesanchiigo-b4b.es\/index.php?rest_route=\/wp\/v2\/types\/post"}],"author":[{"embeddable":true,"href":"http:\/\/xn--mozodieldesanchiigo-b4b.es\/index.php?rest_route=\/wp\/v2\/users\/1"}],"replies":[{"embeddable":true,"href":"http:\/\/xn--mozodieldesanchiigo-b4b.es\/index.php?rest_route=%2Fwp%2Fv2%2Fcomments&post=815"}],"version-history":[{"count":3,"href":"http:\/\/xn--mozodieldesanchiigo-b4b.es\/index.php?rest_route=\/wp\/v2\/posts\/815\/revisions"}],"predecessor-version":[{"id":818,"href":"http:\/\/xn--mozodieldesanchiigo-b4b.es\/index.php?rest_route=\/wp\/v2\/posts\/815\/revisions\/818"}],"wp:attachment":[{"href":"http:\/\/xn--mozodieldesanchiigo-b4b.es\/index.php?rest_route=%2Fwp%2Fv2%2Fmedia&parent=815"}],"wp:term":[{"taxonomy":"category","embeddable":true,"href":"http:\/\/xn--mozodieldesanchiigo-b4b.es\/index.php?rest_route=%2Fwp%2Fv2%2Fcategories&post=815"},{"taxonomy":"post_tag","embeddable":true,"href":"http:\/\/xn--mozodieldesanchiigo-b4b.es\/index.php?rest_route=%2Fwp%2Fv2%2Ftags&post=815"}],"curies":[{"name":"wp","href":"https:\/\/api.w.org\/{rel}","templated":true}]}}