{"id":827,"date":"2013-01-15T10:04:31","date_gmt":"2013-01-15T08:04:31","guid":{"rendered":"http:\/\/xn--mozodieldesanchiigo-b4b.es\/?p=827"},"modified":"2013-01-15T10:04:31","modified_gmt":"2013-01-15T08:04:31","slug":"mozodiel-presente-en-bocacara-en-una-nueva-reunion-de-la-federacion-elm","status":"publish","type":"post","link":"http:\/\/xn--mozodieldesanchiigo-b4b.es\/?p=827","title":{"rendered":"Mozodiel presente en Bocacara en una nueva reuni\u00f3n de la Federaci\u00f3n ELM"},"content":{"rendered":"<div>\n<h3>\n<div id=\"story-antetitulo\"><a style=\"font-size: 2.4em;\" href=\"http:\/\/www.elnortedecastilla.es\/20130113\/local\/salamanca\/pequenas-entidades-locales-salamanca-201301131859.html\" target=\"_self\">Las peque\u00f1as entidades locales de Salamanca se unen para defender su futuro<\/a><\/div>\n<\/h3>\n<h2>\n<div id=\"story-subtitulo\">Incertidumbre ante la nueva ordenaci\u00f3n del territorio, todav\u00eda en debate<\/div>\n<\/h2>\n<div>13.01.13 &#8211;\u00a018:59\u00a0&#8211;<\/p>\n<div>SILVIA G. ROJO | CIUDAD RODRIGO<\/div>\n<\/div>\n<div><\/div>\n<\/div>\n<div>\n<div>\n<div>\n<div id=\"noticia-pestanas\">\n<div id=\"ccronica\">\n<div>\n<div>La nueva ordenaci\u00f3n del territorio a la que se est\u00e1 dando forma ha llevado a algunas de las entidades locales menores de la provincia de Salamanca a constituirse en federaci\u00f3n y as\u00ed hacer m\u00e1s fuerza a la hora de presentar sus reivindicaciones. De las 19 entidades locales menores salmantinas, once ya forman parte de este colectivo que volvi\u00f3 a reunirse este domingo en Bocacara con el objeto de fijar una serie de acciones que redunden en el beneficio de todas ellas. La propia federaci\u00f3n ya ha solicitado una entrevista el presidente de la Diputaci\u00f3n, Javier Iglesias, para hablar de la ordenaci\u00f3n y para plantearle medidas que podr\u00edan beneficiar a todas esas entidades que, por ejemplo, no tienen acceso a los planes provinciales de la propia Diputaci\u00f3n o a otra serie de subvenciones.<\/div>\n<div>La primera cuesti\u00f3n importante es que todas estas entidades obtengan un funcionamiento ordinario, \u00abporque es lo primero que se supone que nos van a exigir para seguir existiendo\u00bb, se escuchaba en la reuni\u00f3n.<\/div>\n<div>El otro gran reto que se les plantea a estas poblaciones es conseguir un convenio con el Ayuntamiento al que pertenecen. La incertidumbre se sit\u00faa sobre su futuro dentro del nuevo mapa territorial en su relaci\u00f3n con los ayuntamientos a los que se suscriben.<\/div>\n<\/div>\n<\/div>\n<\/div>\n<\/div>\n<div id=\"publiEspecial\"><\/div>\n<\/div>\n<div>\n<div>\n<div>\n<div id=\"foto-zonac-1\"><img loading=\"lazy\" decoding=\"async\" src=\"http:\/\/www.elnortedecastilla.es\/noticias\/201301\/13\/Media\/19179983.jpg\" alt=\"Las peque\u00f1as entidades locales de Salamanca se unen para defender su futuro\" width=\"300\" height=\"180\" \/><\/p>\n<div>Reuni\u00f3n de representantes de entidades locales. \/ S. G. R.<\/div>\n<\/div>\n<\/div>\n<\/div>\n<\/div>\n<\/div>\n","protected":false},"excerpt":{"rendered":"<p>Las peque\u00f1as entidades locales de Salamanca se unen para defender su futuro Incertidumbre ante la nueva ordenaci\u00f3n del territorio, todav\u00eda en debate 13.01.13 &#8211;\u00a018:59\u00a0&#8211; SILVIA G. ROJO | CIUDAD RODRIGO La nueva ordenaci\u00f3n del territorio a la que se est\u00e1 &hellip; <a href=\"http:\/\/xn--mozodieldesanchiigo-b4b.es\/?p=827\">Sigue leyendo <span class=\"meta-nav\">&rarr;<\/span><\/a><\/p>\n","protected":false},"author":1,"featured_media":0,"comment_status":"open","ping_status":"open","sticky":false,"template":"","format":"standard","meta":{"footnotes":""},"categories":[1],"tags":[],"class_list":["post-827","post","type-post","status-publish","format-standard","hentry","category-sin-categoria"],"_links":{"self":[{"href":"http:\/\/xn--mozodieldesanchiigo-b4b.es\/index.php?rest_route=\/wp\/v2\/posts\/827","targetHints":{"allow":["GET"]}}],"collection":[{"href":"http:\/\/xn--mozodieldesanchiigo-b4b.es\/index.php?rest_route=\/wp\/v2\/posts"}],"about":[{"href":"http:\/\/xn--mozodieldesanchiigo-b4b.es\/index.php?rest_route=\/wp\/v2\/types\/post"}],"author":[{"embeddable":true,"href":"http:\/\/xn--mozodieldesanchiigo-b4b.es\/index.php?rest_route=\/wp\/v2\/users\/1"}],"replies":[{"embeddable":true,"href":"http:\/\/xn--mozodieldesanchiigo-b4b.es\/index.php?rest_route=%2Fwp%2Fv2%2Fcomments&post=827"}],"version-history":[{"count":1,"href":"http:\/\/xn--mozodieldesanchiigo-b4b.es\/index.php?rest_route=\/wp\/v2\/posts\/827\/revisions"}],"predecessor-version":[{"id":828,"href":"http:\/\/xn--mozodieldesanchiigo-b4b.es\/index.php?rest_route=\/wp\/v2\/posts\/827\/revisions\/828"}],"wp:attachment":[{"href":"http:\/\/xn--mozodieldesanchiigo-b4b.es\/index.php?rest_route=%2Fwp%2Fv2%2Fmedia&parent=827"}],"wp:term":[{"taxonomy":"category","embeddable":true,"href":"http:\/\/xn--mozodieldesanchiigo-b4b.es\/index.php?rest_route=%2Fwp%2Fv2%2Fcategories&post=827"},{"taxonomy":"post_tag","embeddable":true,"href":"http:\/\/xn--mozodieldesanchiigo-b4b.es\/index.php?rest_route=%2Fwp%2Fv2%2Ftags&post=827"}],"curies":[{"name":"wp","href":"https:\/\/api.w.org\/{rel}","templated":true}]}}