{"id":834,"date":"2013-02-20T09:59:15","date_gmt":"2013-02-20T07:59:15","guid":{"rendered":"http:\/\/xn--mozodieldesanchiigo-b4b.es\/?p=834"},"modified":"2013-02-24T20:33:14","modified_gmt":"2013-02-24T18:33:14","slug":"se-amplia-el-horario-de-solicitud-de-cita-para-el-consultorio-medico","status":"publish","type":"post","link":"http:\/\/xn--mozodieldesanchiigo-b4b.es\/?p=834","title":{"rendered":"SE AMPLIA EL HORARIO DE SOLICITUD DE CITA PARA EL CONSULTORIO M\u00c9DICO."},"content":{"rendered":"<p>A partir del pr\u00f3ximo 20 de febrero el horario ser\u00e1 de 08:00 a 10:00.<\/p>\n<p><a href=\"http:\/\/xn--mozodieldesanchiigo-b4b.es\/wp-content\/uploads\/2013\/02\/ImageProxy.png\"><img loading=\"lazy\" decoding=\"async\" class=\"alignleft size-full wp-image-848\" title=\"ImageProxy\" src=\"http:\/\/xn--mozodieldesanchiigo-b4b.es\/wp-content\/uploads\/2013\/02\/ImageProxy.png\" alt=\"\" width=\"225\" height=\"225\" srcset=\"http:\/\/xn--mozodieldesanchiigo-b4b.es\/wp-content\/uploads\/2013\/02\/ImageProxy.png 225w, http:\/\/xn--mozodieldesanchiigo-b4b.es\/wp-content\/uploads\/2013\/02\/ImageProxy-150x150.png 150w\" sizes=\"auto, (max-width: 225px) 100vw, 225px\" \/><\/a>Ante las demandas de varios vecinos, que han puesto de manifiesto la dificultad de concertar visita m\u00e9dica en el Centro de Salud del municipio, el Ayuntamiento, ha decidido ampliar el horario de atenci\u00f3n telef\u00f3nica de las citas previas.<\/p>\n<p>A partir del pr\u00f3ximo<span style=\"text-decoration: underline;\"><strong>\u00a0mi\u00e9rcoles, d\u00eda 20 de febrero, el horario de \u00abCita Previa\u00bb\u00a0ser\u00e1 de 08:00 a 10:00 de la ma\u00f1ana, de lunes a viernes.<\/strong><\/span><\/p>\n<p>Con esta ampliaci\u00f3n se intentar\u00e1 mejorar la atenci\u00f3n telef\u00f3nica que hasta ahora exist\u00eda.<\/p>\n<p><span style=\"text-decoration: underline;\"><strong>El tel\u00e9fono de \u00abCita Previa\u00bb es el 923.286.520.<\/strong><\/span><\/p>\n<p>El servicio de \u00bb Cita Previa\u00bb lo gestiona, desde sus inicios,\u00a0directamente el consistorio con recursos propios, esperando, que en breve, se proceda a la automatizaci\u00f3n definitiva\u00a0de dicho servicio por parte de\u00a0la Junta de Castilla y Le\u00f3n.<\/p>\n","protected":false},"excerpt":{"rendered":"<p>A partir del pr\u00f3ximo 20 de febrero el horario ser\u00e1 de 08:00 a 10:00. Ante las demandas de varios vecinos, que han puesto de manifiesto la dificultad de concertar visita m\u00e9dica en el Centro de Salud del municipio, el Ayuntamiento, &hellip; <a href=\"http:\/\/xn--mozodieldesanchiigo-b4b.es\/?p=834\">Sigue leyendo <span class=\"meta-nav\">&rarr;<\/span><\/a><\/p>\n","protected":false},"author":1,"featured_media":0,"comment_status":"open","ping_status":"open","sticky":false,"template":"","format":"standard","meta":{"footnotes":""},"categories":[20],"tags":[21],"class_list":["post-834","post","type-post","status-publish","format-standard","hentry","category-sanidad-medica","tag-sanidad"],"_links":{"self":[{"href":"http:\/\/xn--mozodieldesanchiigo-b4b.es\/index.php?rest_route=\/wp\/v2\/posts\/834","targetHints":{"allow":["GET"]}}],"collection":[{"href":"http:\/\/xn--mozodieldesanchiigo-b4b.es\/index.php?rest_route=\/wp\/v2\/posts"}],"about":[{"href":"http:\/\/xn--mozodieldesanchiigo-b4b.es\/index.php?rest_route=\/wp\/v2\/types\/post"}],"author":[{"embeddable":true,"href":"http:\/\/xn--mozodieldesanchiigo-b4b.es\/index.php?rest_route=\/wp\/v2\/users\/1"}],"replies":[{"embeddable":true,"href":"http:\/\/xn--mozodieldesanchiigo-b4b.es\/index.php?rest_route=%2Fwp%2Fv2%2Fcomments&post=834"}],"version-history":[{"count":4,"href":"http:\/\/xn--mozodieldesanchiigo-b4b.es\/index.php?rest_route=\/wp\/v2\/posts\/834\/revisions"}],"predecessor-version":[{"id":847,"href":"http:\/\/xn--mozodieldesanchiigo-b4b.es\/index.php?rest_route=\/wp\/v2\/posts\/834\/revisions\/847"}],"wp:attachment":[{"href":"http:\/\/xn--mozodieldesanchiigo-b4b.es\/index.php?rest_route=%2Fwp%2Fv2%2Fmedia&parent=834"}],"wp:term":[{"taxonomy":"category","embeddable":true,"href":"http:\/\/xn--mozodieldesanchiigo-b4b.es\/index.php?rest_route=%2Fwp%2Fv2%2Fcategories&post=834"},{"taxonomy":"post_tag","embeddable":true,"href":"http:\/\/xn--mozodieldesanchiigo-b4b.es\/index.php?rest_route=%2Fwp%2Fv2%2Ftags&post=834"}],"curies":[{"name":"wp","href":"https:\/\/api.w.org\/{rel}","templated":true}]}}