{"id":853,"date":"2013-02-24T20:11:43","date_gmt":"2013-02-24T18:11:43","guid":{"rendered":"http:\/\/xn--mozodieldesanchiigo-b4b.es\/?p=853"},"modified":"2013-02-24T20:37:18","modified_gmt":"2013-02-24T18:37:18","slug":"la-escuela-municipal-de-musica-de-villamayor-da-comienzo-a-los-talleres-para-conocer-los-instrumentos","status":"publish","type":"post","link":"http:\/\/xn--mozodieldesanchiigo-b4b.es\/?p=853","title":{"rendered":"LA ESCUELA MUNICIPAL DE M\u00daSICA DE VILLAMAYOR DA COMIENZO A LOS \u00abTALLERES PARA CONOCER LOS INSTRUMENTOS\u00bb"},"content":{"rendered":"<p>Se impartir\u00e1n los s\u00e1bados de 11:00 a 13:00 horas en la Escuela de M\u00fasica.<\/p>\n<p><img decoding=\"async\" src=\"https:\/\/dub109.mail.live.com\/Handlers\/ImageProxy.mvc?bicild=&amp;canary=34Rf3Frz9ylWX%2fKCQnBZU8ja5npPOygzMeKCAzWHmcQ%3d0&amp;url=http%3a%2f%2fwww.villamayor.es%2fdocs%2factualidad%2fimages.jpg\" alt=\"\" width=\"240\" align=\"left\" \/><\/p>\n<p>La Escuela de M\u00fasica de Villamayor ha presentado, en la ma\u00f1ana de hoy, el calendario de actividades del segundo trimestre.<\/p>\n<p>Las actividades comienzan este s\u00e1bado con el comienzo de los Talleres para conocer los Instrumentos. Durante cuatro s\u00e1bados consecutivos, 23 de febrero, 2,9 y 16 de marzo, en horario de 11:00 a 13:00 horas, los alumnos, de<strong>Preinstrumental II<\/strong>\u00a0, podr\u00e1n conocer a fondo todos los instrumentos que oferta la Escuela de M\u00fasica para, el pr\u00f3ximo curso, elegir cu\u00e1l de ellos practicar\u00e1n.<\/p>\n<p>Los instrumentos que tendr\u00e1n la oportunidad de conocer son el viol\u00edn, la viola, el violonchelo, el contrabajo, la flauta travesera, el oboe, el clarinete, la trompeta, trompa, tromb\u00f3n, tuba y bombardino as\u00ed como la guitarra cl\u00e1sica, el acorde\u00f3n y el piano.<\/p>\n<p>Desde la Direcci\u00f3n del centro animan a padres y alumnos en la participaci\u00f3n en dicgos talleres, ya que, por experiencias de otros cursos, ayudan mucho a tomar la decisi\u00f3n sobre que instrumento centrarse en la etapa de pr\u00e1ctica instrumental.<\/p>\n<p>La direcci\u00f3n del Centro tambi\u00e9n presento los conciertos y cert\u00e1menes musicalesque se celebrar\u00e1n en proximas fechas.<\/p>\n","protected":false},"excerpt":{"rendered":"<p>Se impartir\u00e1n los s\u00e1bados de 11:00 a 13:00 horas en la Escuela de M\u00fasica. La Escuela de M\u00fasica de Villamayor ha presentado, en la ma\u00f1ana de hoy, el calendario de actividades del segundo trimestre. Las actividades comienzan este s\u00e1bado con &hellip; <a href=\"http:\/\/xn--mozodieldesanchiigo-b4b.es\/?p=853\">Sigue leyendo <span class=\"meta-nav\">&rarr;<\/span><\/a><\/p>\n","protected":false},"author":1,"featured_media":0,"comment_status":"open","ping_status":"open","sticky":false,"template":"","format":"standard","meta":{"footnotes":""},"categories":[22],"tags":[],"class_list":["post-853","post","type-post","status-publish","format-standard","hentry","category-educacion"],"_links":{"self":[{"href":"http:\/\/xn--mozodieldesanchiigo-b4b.es\/index.php?rest_route=\/wp\/v2\/posts\/853","targetHints":{"allow":["GET"]}}],"collection":[{"href":"http:\/\/xn--mozodieldesanchiigo-b4b.es\/index.php?rest_route=\/wp\/v2\/posts"}],"about":[{"href":"http:\/\/xn--mozodieldesanchiigo-b4b.es\/index.php?rest_route=\/wp\/v2\/types\/post"}],"author":[{"embeddable":true,"href":"http:\/\/xn--mozodieldesanchiigo-b4b.es\/index.php?rest_route=\/wp\/v2\/users\/1"}],"replies":[{"embeddable":true,"href":"http:\/\/xn--mozodieldesanchiigo-b4b.es\/index.php?rest_route=%2Fwp%2Fv2%2Fcomments&post=853"}],"version-history":[{"count":2,"href":"http:\/\/xn--mozodieldesanchiigo-b4b.es\/index.php?rest_route=\/wp\/v2\/posts\/853\/revisions"}],"predecessor-version":[{"id":856,"href":"http:\/\/xn--mozodieldesanchiigo-b4b.es\/index.php?rest_route=\/wp\/v2\/posts\/853\/revisions\/856"}],"wp:attachment":[{"href":"http:\/\/xn--mozodieldesanchiigo-b4b.es\/index.php?rest_route=%2Fwp%2Fv2%2Fmedia&parent=853"}],"wp:term":[{"taxonomy":"category","embeddable":true,"href":"http:\/\/xn--mozodieldesanchiigo-b4b.es\/index.php?rest_route=%2Fwp%2Fv2%2Fcategories&post=853"},{"taxonomy":"post_tag","embeddable":true,"href":"http:\/\/xn--mozodieldesanchiigo-b4b.es\/index.php?rest_route=%2Fwp%2Fv2%2Ftags&post=853"}],"curies":[{"name":"wp","href":"https:\/\/api.w.org\/{rel}","templated":true}]}}