{"id":859,"date":"2013-02-27T10:53:38","date_gmt":"2013-02-27T08:53:38","guid":{"rendered":"http:\/\/xn--mozodieldesanchiigo-b4b.es\/?p=859"},"modified":"2013-02-27T10:53:38","modified_gmt":"2013-02-27T08:53:38","slug":"casjuvi-da-comienzo-a-los-talleres-de-radio-villamayor","status":"publish","type":"post","link":"http:\/\/xn--mozodieldesanchiigo-b4b.es\/?p=859","title":{"rendered":"CASJUVI DA COMIENZO A LOS \u201cTALLERES DE RADIO\u201d. Villamayor"},"content":{"rendered":"<p>Durante varios jueves, en la Casa de la Juventud, se dar\u00e1 a conocer, a trav\u00e9s de profesionales, el mundo de la radio y comunicaci\u00f3n.<\/p>\n<p><img decoding=\"async\" src=\"https:\/\/dub109.mail.live.com\/Handlers\/ImageProxy.mvc?bicild=&amp;canary=uOTCFde%2fA2gWshL4XL13DUZxmZoWkkgKG1pFJVxSeUE%3d0&amp;url=http%3a%2f%2fwww.villamayor.es%2fdocs%2factualidad%2fimagescae4vz40.jpg\" alt=\"\" width=\"240\" align=\"left\" \/>La Casa de la Juventud de Villamayor, durante el 28 de febrero, el 7,14 y 21 de marzo, bajo el programa \u201c Casjuvi en la Onda\u201d, \u00a0desarrollar\u00e1 diferentes talleres de formaci\u00f3n y conocimiento de la radio.<\/p>\n<p>Para llevar a cabo dichos talleres Casjuvi contar\u00e1 con la colaboraci\u00f3n de diferentes profesionales, en activo, dedicados a este medio de comunicaci\u00f3n.<\/p>\n<p>En la primera jornada se contar\u00e1 con la presencia de los t\u00e9cnicos de Radio Oasis, de Salamanca, quienes \u00a0hablar\u00e1n del concepto de radio social y vecinal, y \u00a0ense\u00f1ar\u00e1n los pasos para hacer nuestro propio programa de radio.<\/p>\n<p>El d\u00eda 14 de marzo, desde Radio Oasis, nos dejar\u00e1n la posibilidad de visitar su emisora, situada en la Casa de la Juventud de Garrido, en Salamanca, desde donde se emitir\u00e1 en directo.<\/p>\n<p>La actividad est\u00e1 abierta a todos los j\u00f3venes del municipio interesados por la comunicaci\u00f3n. Para inscribirse solamente tienen que pasarse\u00a0 por CASJUVI antes de la celebraci\u00f3n de los talleres.<\/p>\n","protected":false},"excerpt":{"rendered":"<p>Durante varios jueves, en la Casa de la Juventud, se dar\u00e1 a conocer, a trav\u00e9s de profesionales, el mundo de la radio y comunicaci\u00f3n. La Casa de la Juventud de Villamayor, durante el 28 de febrero, el 7,14 y 21 &hellip; <a href=\"http:\/\/xn--mozodieldesanchiigo-b4b.es\/?p=859\">Sigue leyendo <span class=\"meta-nav\">&rarr;<\/span><\/a><\/p>\n","protected":false},"author":1,"featured_media":0,"comment_status":"open","ping_status":"open","sticky":false,"template":"","format":"standard","meta":{"footnotes":""},"categories":[13],"tags":[],"class_list":["post-859","post","type-post","status-publish","format-standard","hentry","category-jovenes"],"_links":{"self":[{"href":"http:\/\/xn--mozodieldesanchiigo-b4b.es\/index.php?rest_route=\/wp\/v2\/posts\/859","targetHints":{"allow":["GET"]}}],"collection":[{"href":"http:\/\/xn--mozodieldesanchiigo-b4b.es\/index.php?rest_route=\/wp\/v2\/posts"}],"about":[{"href":"http:\/\/xn--mozodieldesanchiigo-b4b.es\/index.php?rest_route=\/wp\/v2\/types\/post"}],"author":[{"embeddable":true,"href":"http:\/\/xn--mozodieldesanchiigo-b4b.es\/index.php?rest_route=\/wp\/v2\/users\/1"}],"replies":[{"embeddable":true,"href":"http:\/\/xn--mozodieldesanchiigo-b4b.es\/index.php?rest_route=%2Fwp%2Fv2%2Fcomments&post=859"}],"version-history":[{"count":1,"href":"http:\/\/xn--mozodieldesanchiigo-b4b.es\/index.php?rest_route=\/wp\/v2\/posts\/859\/revisions"}],"predecessor-version":[{"id":860,"href":"http:\/\/xn--mozodieldesanchiigo-b4b.es\/index.php?rest_route=\/wp\/v2\/posts\/859\/revisions\/860"}],"wp:attachment":[{"href":"http:\/\/xn--mozodieldesanchiigo-b4b.es\/index.php?rest_route=%2Fwp%2Fv2%2Fmedia&parent=859"}],"wp:term":[{"taxonomy":"category","embeddable":true,"href":"http:\/\/xn--mozodieldesanchiigo-b4b.es\/index.php?rest_route=%2Fwp%2Fv2%2Fcategories&post=859"},{"taxonomy":"post_tag","embeddable":true,"href":"http:\/\/xn--mozodieldesanchiigo-b4b.es\/index.php?rest_route=%2Fwp%2Fv2%2Ftags&post=859"}],"curies":[{"name":"wp","href":"https:\/\/api.w.org\/{rel}","templated":true}]}}