{"id":861,"date":"2013-02-27T12:46:58","date_gmt":"2013-02-27T10:46:58","guid":{"rendered":"http:\/\/xn--mozodieldesanchiigo-b4b.es\/?p=861"},"modified":"2013-02-27T12:46:58","modified_gmt":"2013-02-27T10:46:58","slug":"comienzan-los-fines-de-semana-culturales-en-villamayor","status":"publish","type":"post","link":"http:\/\/xn--mozodieldesanchiigo-b4b.es\/?p=861","title":{"rendered":"COMIENZAN LOS \u201cFINES DE SEMANA CULTURALES\u201d EN VILLAMAYOR."},"content":{"rendered":"<p>Durante los s\u00e1bados y domingos, de marzo y abril, en horario de tarde, se disfrutar\u00e1 de actuaciones teatrales, cine y actuaciones musicales.<\/p>\n<p><img decoding=\"async\" src=\"https:\/\/dub109.mail.live.com\/Handlers\/ImageProxy.mvc?bicild=&amp;canary=uOTCFde%2fA2gWshL4XL13DUZxmZoWkkgKG1pFJVxSeUE%3d0&amp;url=http%3a%2f%2fwww.villamayor.es%2fdocs%2factualidad%2ffin-de-semana-cultural.jpg\" alt=\"\" width=\"240\" align=\"left\" \/>La Concejal\u00eda de Cultura ha presentado la programaci\u00f3n de los \u201cFines de Semana Culturales\u201d. Esta iniciativa, que nace con el esp\u00edritu de ofertar a los vecinos actividades durante los fines de semana, supone una gran novedad en lo que hasta ahora se ven\u00eda ofreciendo.<\/p>\n<p>Con esta nueva programaci\u00f3n se pretende ofrecer a los vecinos del municipio \u00a0una variedad de actividades que ocupen las tardes de los fines de semana, evitando, a los que as\u00ed lo deseen, tener que salir del municipio para poder ocupar los ratos de ocio y descanso.<\/p>\n<p>La Concejal\u00eda de Cultura, D\u00aa Mar\u00eda Soledad Garc\u00eda Rivero, destac\u00f3 que se ha pensado en una programaci\u00f3n variada, dirigida a todos los p\u00fablicos y que se pueda disfrutar en familia.<\/p>\n<p>Las actividades comprenden cine, actuaciones musicales, actuaciones teatrales y mon\u00f3logos de humor.Todas son gratuitas y se celebrar\u00e1n en el Aula de Cultura Antonio Gamoneda, hasta completar aforo.<\/p>\n<p>Dado que es una novedad, la puesta en marcha de esta iniciativa, desde el consistorio se espera que tenga una buena acogida y a la vista de la repuesta que tenga, por parte de los vecinos, se alargar\u00e1n en lo que queda de a\u00f1o.<\/p>\n<div>\n<div dir=\"ltr\">\n<table border=\"1\" cellspacing=\"1\" cellpadding=\"1\" align=\"center\">\n<tbody>\n<tr>\n<td><strong>ACTIVIDADES DE MARZO<\/strong><\/td>\n<td><strong>ACTIVIDADADES DE ABRIL<\/strong><\/td>\n<\/tr>\n<tr>\n<td>\u00a0D\u00cdA 2:\u00a0 ENSEMBLE DE JAZZ.<br \/>\n20:30 ENTRADA LIBRE 147 PLAZAS.<br \/>\nTEATRO ANTONIO GAMONEDA.<br \/>\nPara todos los p\u00fablicos<\/td>\n<td>\u00a0D\u00cdA 17 : Ciclo de cine de Medio<br \/>\nAmbiente. \u201cLa princesa Mononoke\u201d<br \/>\n20:30 ENTRADA LIBRE 147 PLAZAS.<br \/>\nTEATRO ANTONIO GAMONEDA.<br \/>\nPara todos los p\u00fablicos<\/td>\n<\/tr>\n<tr>\n<td>\u00a0D\u00cdA 3:\u00a0 Ciclo de cine de Medio<br \/>\nAmbiente. \u201cThe Wish Fish\u201d<br \/>\n18:30 ENTRADA LIBRE 147 PLAZAS.<br \/>\nTEATRO ANTONIO GAMONEDA.<br \/>\nPublico infantil<\/td>\n<td>\u00a0D\u00cdA 7:\u00a0 Cine: \u201cTadeo Jones\u201d<br \/>\n18:30 ENTRADA LIBRE 147 PLAZAS.<br \/>\nTEATRO ANTONIO GAMONEDA.<br \/>\nPublico infantil<\/td>\n<\/tr>\n<tr>\n<td>\u00a0D\u00cdA 16: DUO ACCOGEEL\u00a0 ACORDE\u00d3N<br \/>\n20:30 ENTRADA LIBRE 147 PLAZAS.<br \/>\nTEATRO ANTONIO GAMONEDA.<br \/>\nPara todos los p\u00fablicos<\/td>\n<td>\u00a0D\u00cdA 20 MONOLOGO DE HUMOR<br \/>\nEl Show de Carlos<br \/>\n20:30 ENTRADA LIBRE 147 PLAZAS.<br \/>\nTEATRO ANTONIO GAMONEDA.<br \/>\nPublico recomendado a partir de 14 a\u00f1os<\/td>\n<\/tr>\n<tr>\n<td>\u00a0D\u00cdA 17 : Ciclo de cine de Medio<br \/>\nAmbiente. \u201cLa princesa Mononoke\u201d<br \/>\n20:30 ENTRADA LIBRE 147 PLAZAS.<br \/>\nTEATRO ANTONIO GAMONEDA.<br \/>\nPara todos los p\u00fablicos<\/td>\n<td>\u00a0D\u00cdA 21:\u00a0 Cine \u201cEl Truco del Manco\u201d<br \/>\n20:30 ENTRADA LIBRE 147 PLAZAS.<br \/>\nTEATRO ANTONIO GAMONEDA.<br \/>\nPublico recomendado a partir de 14 a\u00f1os<\/td>\n<\/tr>\n<\/tbody>\n<\/table>\n<\/div>\n<\/div>\n<p>&nbsp;<\/p>\n<p><strong>Documento relacionado:<\/strong>\u00a0<a href=\"http:\/\/www.villamayor.es\/docs\/actualidad\/fin-de-semana-cultural.pdf\" target=\"_blank\"><strong>descargar<\/strong><\/a><\/p>\n","protected":false},"excerpt":{"rendered":"<p>Durante los s\u00e1bados y domingos, de marzo y abril, en horario de tarde, se disfrutar\u00e1 de actuaciones teatrales, cine y actuaciones musicales. La Concejal\u00eda de Cultura ha presentado la programaci\u00f3n de los \u201cFines de Semana Culturales\u201d. Esta iniciativa, que nace &hellip; <a href=\"http:\/\/xn--mozodieldesanchiigo-b4b.es\/?p=861\">Sigue leyendo <span class=\"meta-nav\">&rarr;<\/span><\/a><\/p>\n","protected":false},"author":1,"featured_media":0,"comment_status":"open","ping_status":"open","sticky":false,"template":"","format":"standard","meta":{"footnotes":""},"categories":[22,11,13],"tags":[],"class_list":["post-861","post","type-post","status-publish","format-standard","hentry","category-educacion","category-fiestas","category-jovenes"],"_links":{"self":[{"href":"http:\/\/xn--mozodieldesanchiigo-b4b.es\/index.php?rest_route=\/wp\/v2\/posts\/861","targetHints":{"allow":["GET"]}}],"collection":[{"href":"http:\/\/xn--mozodieldesanchiigo-b4b.es\/index.php?rest_route=\/wp\/v2\/posts"}],"about":[{"href":"http:\/\/xn--mozodieldesanchiigo-b4b.es\/index.php?rest_route=\/wp\/v2\/types\/post"}],"author":[{"embeddable":true,"href":"http:\/\/xn--mozodieldesanchiigo-b4b.es\/index.php?rest_route=\/wp\/v2\/users\/1"}],"replies":[{"embeddable":true,"href":"http:\/\/xn--mozodieldesanchiigo-b4b.es\/index.php?rest_route=%2Fwp%2Fv2%2Fcomments&post=861"}],"version-history":[{"count":1,"href":"http:\/\/xn--mozodieldesanchiigo-b4b.es\/index.php?rest_route=\/wp\/v2\/posts\/861\/revisions"}],"predecessor-version":[{"id":862,"href":"http:\/\/xn--mozodieldesanchiigo-b4b.es\/index.php?rest_route=\/wp\/v2\/posts\/861\/revisions\/862"}],"wp:attachment":[{"href":"http:\/\/xn--mozodieldesanchiigo-b4b.es\/index.php?rest_route=%2Fwp%2Fv2%2Fmedia&parent=861"}],"wp:term":[{"taxonomy":"category","embeddable":true,"href":"http:\/\/xn--mozodieldesanchiigo-b4b.es\/index.php?rest_route=%2Fwp%2Fv2%2Fcategories&post=861"},{"taxonomy":"post_tag","embeddable":true,"href":"http:\/\/xn--mozodieldesanchiigo-b4b.es\/index.php?rest_route=%2Fwp%2Fv2%2Ftags&post=861"}],"curies":[{"name":"wp","href":"https:\/\/api.w.org\/{rel}","templated":true}]}}