{"id":863,"date":"2013-03-06T09:58:48","date_gmt":"2013-03-06T07:58:48","guid":{"rendered":"http:\/\/xn--mozodieldesanchiigo-b4b.es\/?p=863"},"modified":"2013-03-06T09:58:48","modified_gmt":"2013-03-06T07:58:48","slug":"la-casa-de-la-juventud-organiza-varios-cursos-de-monitor-y-coordinador-de-tiempo-libre","status":"publish","type":"post","link":"http:\/\/xn--mozodieldesanchiigo-b4b.es\/?p=863","title":{"rendered":"LA CASA DE LA JUVENTUD ORGANIZA VARIOS CURSOS DE MONITOR Y COORDINADOR DE TIEMPO LIBRE."},"content":{"rendered":"<p>Los interesados podr\u00e1n obtener un t\u00edtulo homologado por la Junta de Castilla y Le\u00f3n.<\/p>\n<p><img decoding=\"async\" src=\"https:\/\/dub109.mail.live.com\/Handlers\/ImageProxy.mvc?bicild=&amp;canary=2%2bkvQDYqW5OPBsI0Ntd5JUzn3YLDpcsJKZBxUURyh8I%3d0&amp;url=http%3a%2f%2fwww.villamayor.es%2fdocs%2factualidad%2fna311-cartel-curso-de-monitor-2013-para-web.jpg\" alt=\"\" width=\"240\" align=\"left\" \/><\/p>\n<p>Durante los pr\u00f3ximos meses, CASJUVI acojer\u00e1 un curso de Monitor de Tiempo Libre y otro de Coordinador, ambos con titulaci\u00f3n oficial de la Junta de Castilla y Le\u00f3n.<\/p>\n<p>Esta nueva propuesta formativa, que promueven de forma conjunta las concejal\u00edas de Juventud de los Ayuntamientos de Villamayor, Santa Marta y Carbajosa de la sagrada, constituye una buena oportunidad para los j\u00f3venes mayores de 18 a\u00f1os para ampliar su campo profesional y especializarse en un sector con much\u00edsimas posibilidades de empleo.<\/p>\n<p>El\u00a0<strong>Curso de Monitor de Tiempo Libre<\/strong>, cuya matr\u00edcula tiene un precio de 180\u20ac tendr\u00e1 una carga lectiva de 150 horas (50 troncales y 100 de libre elecci\u00f3n) repartida en tres fines de semana.<\/p>\n<p>El\u00a0<strong>Curso de Coordinador de Tiempo Libre\u00a0<\/strong>se repartir\u00e1 en 5 fines de semana, con 200 horas de carga lectiva. El coste de la matr\u00edcula ser\u00e1 de 280\u20ac.<\/p>\n<p>Para m\u00e1s informaci\u00f3n, p\u00e1sate por el Centro J\u00f3ven CASJUVI o m\u00e1ndanos un correo electr\u00f3nico a la direcci\u00f3n cursos@planbeduso.es<\/p>\n","protected":false},"excerpt":{"rendered":"<p>Los interesados podr\u00e1n obtener un t\u00edtulo homologado por la Junta de Castilla y Le\u00f3n. Durante los pr\u00f3ximos meses, CASJUVI acojer\u00e1 un curso de Monitor de Tiempo Libre y otro de Coordinador, ambos con titulaci\u00f3n oficial de la Junta de Castilla &hellip; <a href=\"http:\/\/xn--mozodieldesanchiigo-b4b.es\/?p=863\">Sigue leyendo <span class=\"meta-nav\">&rarr;<\/span><\/a><\/p>\n","protected":false},"author":1,"featured_media":0,"comment_status":"open","ping_status":"open","sticky":false,"template":"","format":"standard","meta":{"footnotes":""},"categories":[22,13],"tags":[],"class_list":["post-863","post","type-post","status-publish","format-standard","hentry","category-educacion","category-jovenes"],"_links":{"self":[{"href":"http:\/\/xn--mozodieldesanchiigo-b4b.es\/index.php?rest_route=\/wp\/v2\/posts\/863","targetHints":{"allow":["GET"]}}],"collection":[{"href":"http:\/\/xn--mozodieldesanchiigo-b4b.es\/index.php?rest_route=\/wp\/v2\/posts"}],"about":[{"href":"http:\/\/xn--mozodieldesanchiigo-b4b.es\/index.php?rest_route=\/wp\/v2\/types\/post"}],"author":[{"embeddable":true,"href":"http:\/\/xn--mozodieldesanchiigo-b4b.es\/index.php?rest_route=\/wp\/v2\/users\/1"}],"replies":[{"embeddable":true,"href":"http:\/\/xn--mozodieldesanchiigo-b4b.es\/index.php?rest_route=%2Fwp%2Fv2%2Fcomments&post=863"}],"version-history":[{"count":1,"href":"http:\/\/xn--mozodieldesanchiigo-b4b.es\/index.php?rest_route=\/wp\/v2\/posts\/863\/revisions"}],"predecessor-version":[{"id":864,"href":"http:\/\/xn--mozodieldesanchiigo-b4b.es\/index.php?rest_route=\/wp\/v2\/posts\/863\/revisions\/864"}],"wp:attachment":[{"href":"http:\/\/xn--mozodieldesanchiigo-b4b.es\/index.php?rest_route=%2Fwp%2Fv2%2Fmedia&parent=863"}],"wp:term":[{"taxonomy":"category","embeddable":true,"href":"http:\/\/xn--mozodieldesanchiigo-b4b.es\/index.php?rest_route=%2Fwp%2Fv2%2Fcategories&post=863"},{"taxonomy":"post_tag","embeddable":true,"href":"http:\/\/xn--mozodieldesanchiigo-b4b.es\/index.php?rest_route=%2Fwp%2Fv2%2Ftags&post=863"}],"curies":[{"name":"wp","href":"https:\/\/api.w.org\/{rel}","templated":true}]}}