{"id":875,"date":"2013-04-21T15:51:41","date_gmt":"2013-04-21T13:51:41","guid":{"rendered":"http:\/\/xn--mozodieldesanchiigo-b4b.es\/?p=875"},"modified":"2013-05-03T16:45:36","modified_gmt":"2013-05-03T14:45:36","slug":"el-ayuntamiento-decora-con-adelfas-la-entrada","status":"publish","type":"post","link":"http:\/\/xn--mozodieldesanchiigo-b4b.es\/?p=875","title":{"rendered":"El Ayuntamiento decora con adelfas la entrada."},"content":{"rendered":"<p><img loading=\"lazy\" decoding=\"async\" class=\"alignleft  wp-image-876\" title=\"adelfa roja\" src=\"http:\/\/xn--mozodieldesanchiigo-b4b.es\/wp-content\/uploads\/2013\/04\/adelfa-roja.jpg\" alt=\"\" width=\"233\" height=\"175\" \/><\/p>\n<p><span style=\"color: #003366;\">El ayuntamiento ha plantado en la carretera de entrada 1km de adelfas con el fin decorativo y de evitar\u00a0escorrent\u00edas\u00a0y derrumbes de terreno a los lados de la carretera.<\/span><\/p>\n<p><span style=\"color: #003366;\">La adelfa, tambi\u00e9n conocida como laurel de flor, rosa laurel, baladre o trinitaria &#8211; entre otros, es la \u00fanica especie perteneciente al g\u00e9nero Nerium incluido en la familia Apocynacea.<\/span><\/p>\n<p>&nbsp;<\/p>\n","protected":false},"excerpt":{"rendered":"<p>El ayuntamiento ha plantado en la carretera de entrada 1km de adelfas con el fin decorativo y de evitar\u00a0escorrent\u00edas\u00a0y derrumbes de terreno a los lados de la carretera. La adelfa, tambi\u00e9n conocida como laurel de flor, rosa laurel, baladre o &hellip; <a href=\"http:\/\/xn--mozodieldesanchiigo-b4b.es\/?p=875\">Sigue leyendo <span class=\"meta-nav\">&rarr;<\/span><\/a><\/p>\n","protected":false},"author":1,"featured_media":0,"comment_status":"open","ping_status":"open","sticky":false,"template":"","format":"standard","meta":{"footnotes":""},"categories":[12],"tags":[],"class_list":["post-875","post","type-post","status-publish","format-standard","hentry","category-infraestructura"],"_links":{"self":[{"href":"http:\/\/xn--mozodieldesanchiigo-b4b.es\/index.php?rest_route=\/wp\/v2\/posts\/875","targetHints":{"allow":["GET"]}}],"collection":[{"href":"http:\/\/xn--mozodieldesanchiigo-b4b.es\/index.php?rest_route=\/wp\/v2\/posts"}],"about":[{"href":"http:\/\/xn--mozodieldesanchiigo-b4b.es\/index.php?rest_route=\/wp\/v2\/types\/post"}],"author":[{"embeddable":true,"href":"http:\/\/xn--mozodieldesanchiigo-b4b.es\/index.php?rest_route=\/wp\/v2\/users\/1"}],"replies":[{"embeddable":true,"href":"http:\/\/xn--mozodieldesanchiigo-b4b.es\/index.php?rest_route=%2Fwp%2Fv2%2Fcomments&post=875"}],"version-history":[{"count":3,"href":"http:\/\/xn--mozodieldesanchiigo-b4b.es\/index.php?rest_route=\/wp\/v2\/posts\/875\/revisions"}],"predecessor-version":[{"id":892,"href":"http:\/\/xn--mozodieldesanchiigo-b4b.es\/index.php?rest_route=\/wp\/v2\/posts\/875\/revisions\/892"}],"wp:attachment":[{"href":"http:\/\/xn--mozodieldesanchiigo-b4b.es\/index.php?rest_route=%2Fwp%2Fv2%2Fmedia&parent=875"}],"wp:term":[{"taxonomy":"category","embeddable":true,"href":"http:\/\/xn--mozodieldesanchiigo-b4b.es\/index.php?rest_route=%2Fwp%2Fv2%2Fcategories&post=875"},{"taxonomy":"post_tag","embeddable":true,"href":"http:\/\/xn--mozodieldesanchiigo-b4b.es\/index.php?rest_route=%2Fwp%2Fv2%2Ftags&post=875"}],"curies":[{"name":"wp","href":"https:\/\/api.w.org\/{rel}","templated":true}]}}