{"id":90,"date":"2011-08-03T13:33:19","date_gmt":"2011-08-03T11:33:19","guid":{"rendered":"http:\/\/xn--mozodieldesanchiigo-b4b.es\/?p=90"},"modified":"2011-08-11T15:44:59","modified_gmt":"2011-08-11T13:44:59","slug":"espectaculo-de-cetreria","status":"publish","type":"post","link":"http:\/\/xn--mozodieldesanchiigo-b4b.es\/?p=90","title":{"rendered":"Espect\u00e1culo de Cetrer\u00eda"},"content":{"rendered":"<p><a href=\"http:\/\/xn--mozodieldesanchiigo-b4b.es\/wp-content\/uploads\/2011\/08\/Medievil-153.jpg\"><img loading=\"lazy\" decoding=\"async\" class=\"alignleft size-full wp-image-100\" title=\"Medievil 15\" src=\"http:\/\/xn--mozodieldesanchiigo-b4b.es\/wp-content\/uploads\/2011\/08\/Medievil-153.jpg\" alt=\"\" width=\"338\" height=\"253\" \/><\/a>El dia 28 el ayuntamiento ha contratado un espect\u00e1culo de cetrer\u00eda que tendr\u00e1 lugar a partir de las dos de la tarde, siendo a partir de las 18h en adelante el espectaculo central.<\/p>\n<p>Dispondr\u00e1 de un stad habilitado, zona de fotos, musica ambiente y miscelanea medieval junto con un buen nutrido de aves de todo tipo.<\/p>\n<p>Los mas peque\u00f1os se llevar\u00e1n a casa una experiencia dif\u00edcil de olvidar, porque participaran junto a las aves en el espectaculo&#8230;<\/p>\n<p>Adem\u00e1s de la exhibici\u00f3n, algunas de nuestras aves vuelan durante la velada visitando los puestos del mercado y a sus asistentes.<\/p>\n<p>Llevan\u00a0m\u00e1s de quince a\u00f1os criando y adiestrando aves rapaces.<\/p>\n<p>Web: <a href=\"http:\/\/www.medievilfalcons.com\/\">http:\/\/www.medievilfalcons.com\/<\/a><\/p>\n","protected":false},"excerpt":{"rendered":"<p>El dia 28 el ayuntamiento ha contratado un espect\u00e1culo de cetrer\u00eda que tendr\u00e1 lugar a partir de las dos de la tarde, siendo a partir de las 18h en adelante el espectaculo central. Dispondr\u00e1 de un stad habilitado, zona de &hellip; <a href=\"http:\/\/xn--mozodieldesanchiigo-b4b.es\/?p=90\">Sigue leyendo <span class=\"meta-nav\">&rarr;<\/span><\/a><\/p>\n","protected":false},"author":1,"featured_media":0,"comment_status":"open","ping_status":"open","sticky":false,"template":"","format":"standard","meta":{"footnotes":""},"categories":[11],"tags":[],"class_list":["post-90","post","type-post","status-publish","format-standard","hentry","category-fiestas"],"_links":{"self":[{"href":"http:\/\/xn--mozodieldesanchiigo-b4b.es\/index.php?rest_route=\/wp\/v2\/posts\/90","targetHints":{"allow":["GET"]}}],"collection":[{"href":"http:\/\/xn--mozodieldesanchiigo-b4b.es\/index.php?rest_route=\/wp\/v2\/posts"}],"about":[{"href":"http:\/\/xn--mozodieldesanchiigo-b4b.es\/index.php?rest_route=\/wp\/v2\/types\/post"}],"author":[{"embeddable":true,"href":"http:\/\/xn--mozodieldesanchiigo-b4b.es\/index.php?rest_route=\/wp\/v2\/users\/1"}],"replies":[{"embeddable":true,"href":"http:\/\/xn--mozodieldesanchiigo-b4b.es\/index.php?rest_route=%2Fwp%2Fv2%2Fcomments&post=90"}],"version-history":[{"count":8,"href":"http:\/\/xn--mozodieldesanchiigo-b4b.es\/index.php?rest_route=\/wp\/v2\/posts\/90\/revisions"}],"predecessor-version":[{"id":127,"href":"http:\/\/xn--mozodieldesanchiigo-b4b.es\/index.php?rest_route=\/wp\/v2\/posts\/90\/revisions\/127"}],"wp:attachment":[{"href":"http:\/\/xn--mozodieldesanchiigo-b4b.es\/index.php?rest_route=%2Fwp%2Fv2%2Fmedia&parent=90"}],"wp:term":[{"taxonomy":"category","embeddable":true,"href":"http:\/\/xn--mozodieldesanchiigo-b4b.es\/index.php?rest_route=%2Fwp%2Fv2%2Fcategories&post=90"},{"taxonomy":"post_tag","embeddable":true,"href":"http:\/\/xn--mozodieldesanchiigo-b4b.es\/index.php?rest_route=%2Fwp%2Fv2%2Ftags&post=90"}],"curies":[{"name":"wp","href":"https:\/\/api.w.org\/{rel}","templated":true}]}}